{"id":5280,"date":"2021-08-19T14:38:24","date_gmt":"2021-08-19T12:38:24","guid":{"rendered":"https:\/\/as-surques-escoeuilles.fr\/?p=5280"},"modified":"2021-08-19T14:39:59","modified_gmt":"2021-08-19T12:39:59","slug":"suivez-en-direct-notre-tournoi-seniors-feminines","status":"publish","type":"post","link":"https:\/\/as-surques-escoeuilles.fr\/index.php\/2021\/08\/19\/suivez-en-direct-notre-tournoi-seniors-feminines\/","title":{"rendered":"Suivez en direct notre tournoi S\u00e9niors F\u00e9minines"},"content":{"rendered":"\n<iframe width=\"100%\" height=\"480px\" src=\"https:\/\/iframe.protournoi.fr\/app\/competition\/tournoi-georges-louvet-seniors-feminines\/matchs\" frameborder=\"0\" allowfullscreen=\"true\"><\/iframe>\n","protected":false},"excerpt":{"rendered":"","protected":false},"author":1,"featured_media":5202,"comment_status":"open","ping_status":"open","sticky":false,"template":"","format":"standard","meta":{"ngg_post_thumbnail":0,"jetpack_post_was_ever_published":false,"jetpack_publicize_message":"","jetpack_is_tweetstorm":false,"jetpack_publicize_feature_enabled":true,"jetpack_social_post_already_shared":true,"jetpack_social_options":{"image_generator_settings":{"template":"highway","enabled":false}}},"categories":[23,32,93,14],"tags":[],"jetpack_publicize_connections":[],"jetpack_featured_media_url":"https:\/\/i0.wp.com\/as-surques-escoeuilles.fr\/wp-content\/uploads\/2021\/06\/received_1011823836230837.jpeg?fit=841%2C594&ssl=1","jetpack_sharing_enabled":true,"jetpack_shortlink":"https:\/\/wp.me\/p8dhOI-1na","jetpack-related-posts":[{"id":4501,"url":"https:\/\/as-surques-escoeuilles.fr\/index.php\/2020\/08\/12\/tournoi-seniors-feminines\/","url_meta":{"origin":5280,"position":0},"title":"Annulation Tournoi S\u00e9niors F\u00e9minines","date":"12 ao\u00fbt 2020","format":false,"excerpt":"En raison de l'\u00e9pid\u00e9mie, le conseil d'administration de l'ASSE, r\u00e9uni le mercredi 12 ao\u00fbt 2020, a d\u00e9cid\u00e9 d'annuler le tournoi initialement pr\u00e9vu le 29 ao\u00fbt 2020. Les b\u00e9n\u00e9voles ne sont en effet pas pr\u00eats \u00e0 assumer le respect des r\u00e8gles sanitaires en vigueur, en plus de l'organisation habituelle d'une telle\u2026","rel":"","context":"Dans &quot;Communication club&quot;","img":{"alt_text":"","src":"https:\/\/i0.wp.com\/as-surques-escoeuilles.fr\/wp-content\/uploads\/2020\/07\/tournoi_seniors_f_2020.jpg?fit=794%2C559&ssl=1&resize=350%2C200","width":350,"height":200},"classes":[]},{"id":5201,"url":"https:\/\/as-surques-escoeuilles.fr\/index.php\/2021\/06\/28\/tournoi-georges-louvet-seniors-feminines\/","url_meta":{"origin":5280,"position":1},"title":"Tournoi Georges Louvet &#8211; S\u00e9niors F\u00e9minines","date":"28 juin 2021","format":false,"excerpt":"Derni\u00e8re partie du tournoi Georges Louvet 2021 avec l'\u00e9dition pour les s\u00e9niors f\u00e9minines qui aura lieu le samedi 28 ao\u00fbt dans une configuration \u00e0 8. Renseignements aupr\u00e8s du secr\u00e9tariat pour les inscriptions.","rel":"","context":"Dans &quot;Communication club&quot;","img":{"alt_text":"","src":"https:\/\/i0.wp.com\/as-surques-escoeuilles.fr\/wp-content\/uploads\/2021\/06\/received_1011823836230837.jpeg?fit=841%2C594&ssl=1&resize=350%2C200","width":350,"height":200},"classes":[]},{"id":3181,"url":"https:\/\/as-surques-escoeuilles.fr\/index.php\/2019\/11\/09\/tournoi-feminin-en-salle\/","url_meta":{"origin":5280,"position":2},"title":"Tournoi f\u00e9minin en salle","date":"9 novembre 2019","format":false,"excerpt":"Ce vendredi 08 novembre, nos s\u00e9niors f\u00e9minines ont particip\u00e9 \u00e0 un tournoi amical \u00e0 Ardres, l'occasion de rencontrer des \u00e9quipes telles que Longuenesse, Calais Catena, Calais Futsal ou Ardres. Les filles se sont donn\u00e9es \u00e0 100% pour leurs premiers matches dans cette configuration et sur cette surface. Merci aux supporters\u2026","rel":"","context":"Dans &quot;F\u00e9minines&quot;","img":{"alt_text":"","src":"https:\/\/i0.wp.com\/as-surques-escoeuilles.fr\/wp-content\/uploads\/2019\/11\/IMG_20191108_224035.jpg?fit=1200%2C790&ssl=1&resize=350%2C200","width":350,"height":200},"classes":[]},{"id":2394,"url":"https:\/\/as-surques-escoeuilles.fr\/index.php\/2019\/02\/19\/premiere-sortie-pour-les-seniors-feminines\/","url_meta":{"origin":5280,"position":3},"title":"Premiere sortie pour les s\u00e9niors f\u00e9minines","date":"19 f\u00e9vrier 2019","format":false,"excerpt":"Vous l'attendiez toutes et tous : la premi\u00e8re sortie en match des s\u00e9niors f\u00e9minines aura lieu ce samedi 23 f\u00e9vrier \u00e0 18h00 sur la pelouse de Bonningue-les-Ardres. Venez nombreux encourager notre nouvelle \u00e9quipe !","rel":"","context":"Dans &quot;Communication club&quot;","img":{"alt_text":"","src":"https:\/\/i0.wp.com\/as-surques-escoeuilles.fr\/wp-content\/uploads\/2019\/02\/affiche_feminin_1.png?fit=780%2C786&ssl=1&resize=350%2C200","width":350,"height":200},"classes":[]},{"id":4479,"url":"https:\/\/as-surques-escoeuilles.fr\/index.php\/2020\/06\/29\/seniors-feminines-seance-ouverte-ce-jeudi-2-juillet\/","url_meta":{"origin":5280,"position":4},"title":"S\u00e9niors F\u00e9minines : s\u00e9ance ouverte ce jeudi 2 juillet","date":"29 juin 2020","format":false,"excerpt":"Les s\u00e9niors F\u00e9minines effectueront une s\u00e9ance ouverte aux joueuses \u00e9ventuellement int\u00e9r\u00e9ss\u00e9es pour int\u00e9grer les effectifs la saison prochaine : toutes les joueuses de 16 ans et plus sont les bienvenues !","rel":"","context":"Dans &quot;Communication club&quot;","img":{"alt_text":"","src":"https:\/\/i0.wp.com\/as-surques-escoeuilles.fr\/wp-content\/uploads\/2020\/06\/recrutement_feminin_2020.jpg?fit=794%2C559&ssl=1&resize=350%2C200","width":350,"height":200},"classes":[]},{"id":2848,"url":"https:\/\/as-surques-escoeuilles.fr\/index.php\/2019\/09\/06\/sponsoring-transport-duquenoy\/","url_meta":{"origin":5280,"position":5},"title":"Sponsoring : transport DUQUENOY","date":"6 septembre 2019","format":false,"excerpt":"Le jeudi 05 septembre avait lieu la remise des \u00e9quipements pour la premi\u00e8re saison en championnat de nos s\u00e9niors f\u00e9minines ! Le club remercie vivement TRANSPORT DUQUENOY, partenaire maillot de cette \u00e9quipe, de se lancer dans cette aventure. Un pot de l'amiti\u00e9 a ensuite eu lieu avec dirigeants et joueuses\u2026","rel":"","context":"Dans &quot;Communication club&quot;","img":{"alt_text":"","src":"https:\/\/i0.wp.com\/as-surques-escoeuilles.fr\/wp-content\/uploads\/2019\/09\/IMG_20190905_193908.jpg?fit=1200%2C900&ssl=1&resize=350%2C200","width":350,"height":200},"classes":[]}],"_links":{"self":[{"href":"https:\/\/as-surques-escoeuilles.fr\/index.php\/wp-json\/wp\/v2\/posts\/5280"}],"collection":[{"href":"https:\/\/as-surques-escoeuilles.fr\/index.php\/wp-json\/wp\/v2\/posts"}],"about":[{"href":"https:\/\/as-surques-escoeuilles.fr\/index.php\/wp-json\/wp\/v2\/types\/post"}],"author":[{"embeddable":true,"href":"https:\/\/as-surques-escoeuilles.fr\/index.php\/wp-json\/wp\/v2\/users\/1"}],"replies":[{"embeddable":true,"href":"https:\/\/as-surques-escoeuilles.fr\/index.php\/wp-json\/wp\/v2\/comments?post=5280"}],"version-history":[{"count":2,"href":"https:\/\/as-surques-escoeuilles.fr\/index.php\/wp-json\/wp\/v2\/posts\/5280\/revisions"}],"predecessor-version":[{"id":5283,"href":"https:\/\/as-surques-escoeuilles.fr\/index.php\/wp-json\/wp\/v2\/posts\/5280\/revisions\/5283"}],"wp:featuredmedia":[{"embeddable":true,"href":"https:\/\/as-surques-escoeuilles.fr\/index.php\/wp-json\/wp\/v2\/media\/5202"}],"wp:attachment":[{"href":"https:\/\/as-surques-escoeuilles.fr\/index.php\/wp-json\/wp\/v2\/media?parent=5280"}],"wp:term":[{"taxonomy":"category","embeddable":true,"href":"https:\/\/as-surques-escoeuilles.fr\/index.php\/wp-json\/wp\/v2\/categories?post=5280"},{"taxonomy":"post_tag","embeddable":true,"href":"https:\/\/as-surques-escoeuilles.fr\/index.php\/wp-json\/wp\/v2\/tags?post=5280"}],"curies":[{"name":"wp","href":"https:\/\/api.w.org\/{rel}","templated":true}]}}