{"id":5316,"date":"2021-09-07T15:34:35","date_gmt":"2021-09-07T13:34:35","guid":{"rendered":"https:\/\/as-surques-escoeuilles.fr\/?p=5316"},"modified":"2021-09-07T15:34:38","modified_gmt":"2021-09-07T13:34:38","slug":"retour-au-foot","status":"publish","type":"post","link":"https:\/\/as-surques-escoeuilles.fr\/index.php\/2021\/09\/07\/retour-au-foot\/","title":{"rendered":"Retour au foot !"},"content":{"rendered":"\n<p>Dans le cadre de l&rsquo;op\u00e9ration organis\u00e9e par la FFF #Retouraufoot,  les s\u00e9ances sont ouvertes pour les enfants n\u00e9s entre 2011 et 2017, rendez-vous demain \u00e0 14h00 au stade. <\/p>\n\n\n\n<p>Pour l&rsquo;\u00e9cole de foot (Mini-foot \u00e0 U9), s\u00e9ance sp\u00e9ciale PEF ce samedi \u00e0 10h30 au stade avec le concours des U14F !<\/p>\n\n\n\n<figure class=\"wp-block-image size-large\"><img data-attachment-id=\"5317\" data-permalink=\"https:\/\/as-surques-escoeuilles.fr\/index.php\/2021\/09\/07\/retour-au-foot\/capture-1-2\/\" data-orig-file=\"https:\/\/i0.wp.com\/as-surques-escoeuilles.fr\/wp-content\/uploads\/2021\/09\/Capture-1.jpg?fit=534%2C804&amp;ssl=1\" data-orig-size=\"534,804\" data-comments-opened=\"1\" data-image-meta=\"{&quot;aperture&quot;:&quot;0&quot;,&quot;credit&quot;:&quot;Beno\\u00eet Fortin&quot;,&quot;camera&quot;:&quot;&quot;,&quot;caption&quot;:&quot;&quot;,&quot;created_timestamp&quot;:&quot;1631028299&quot;,&quot;copyright&quot;:&quot;&quot;,&quot;focal_length&quot;:&quot;0&quot;,&quot;iso&quot;:&quot;0&quot;,&quot;shutter_speed&quot;:&quot;0&quot;,&quot;title&quot;:&quot;&quot;,&quot;orientation&quot;:&quot;1&quot;}\" data-image-title=\"Capture-1\" data-image-description=\"\" data-image-caption=\"\" data-medium-file=\"https:\/\/i0.wp.com\/as-surques-escoeuilles.fr\/wp-content\/uploads\/2021\/09\/Capture-1.jpg?fit=199%2C300&amp;ssl=1\" data-large-file=\"https:\/\/i0.wp.com\/as-surques-escoeuilles.fr\/wp-content\/uploads\/2021\/09\/Capture-1.jpg?fit=534%2C804&amp;ssl=1\" fetchpriority=\"high\" width=\"534\" height=\"804\" src=\"https:\/\/i0.wp.com\/as-surques-escoeuilles.fr\/wp-content\/uploads\/2021\/09\/Capture-1.jpg?resize=534%2C804&#038;ssl=1\" alt=\"\" class=\"wp-image-5317\" srcset=\"https:\/\/i0.wp.com\/as-surques-escoeuilles.fr\/wp-content\/uploads\/2021\/09\/Capture-1.jpg?w=534&amp;ssl=1 534w, https:\/\/i0.wp.com\/as-surques-escoeuilles.fr\/wp-content\/uploads\/2021\/09\/Capture-1.jpg?resize=199%2C300&amp;ssl=1 199w\" sizes=\"(max-width: 534px) 100vw, 534px\" data-recalc-dims=\"1\" \/><\/figure>\n","protected":false},"excerpt":{"rendered":"<p>Dans le cadre de l&rsquo;op\u00e9ration organis\u00e9e par la FFF #Retouraufoot, les s\u00e9ances sont ouvertes pour les enfants n\u00e9s entre 2011<\/p>\n","protected":false},"author":1,"featured_media":5319,"comment_status":"open","ping_status":"open","sticky":false,"template":"","format":"standard","meta":{"ngg_post_thumbnail":0,"jetpack_post_was_ever_published":false,"jetpack_publicize_message":"","jetpack_is_tweetstorm":false,"jetpack_publicize_feature_enabled":true,"jetpack_social_post_already_shared":true,"jetpack_social_options":{"image_generator_settings":{"template":"highway","enabled":false}}},"categories":[23,29,30,89,91,90],"tags":[],"jetpack_publicize_connections":[],"jetpack_featured_media_url":"https:\/\/i0.wp.com\/as-surques-escoeuilles.fr\/wp-content\/uploads\/2021\/09\/FFF2106_RDF_Joueurs_FB_Cover_851x315.jpg?fit=851%2C315&ssl=1","jetpack_sharing_enabled":true,"jetpack_shortlink":"https:\/\/wp.me\/p8dhOI-1nK","jetpack-related-posts":[{"id":5296,"url":"https:\/\/as-surques-escoeuilles.fr\/index.php\/2021\/09\/03\/portes-ouvertes-en-ecole-de-foot\/","url_meta":{"origin":5316,"position":0},"title":"Portes ouvertes en \u00e9cole de foot","date":"3 septembre 2021","format":false,"excerpt":"L'\u00e9cole de foot ouvre ses s\u00e9ances au stade ce samedi 4 septembre \u00e0 10h30 pour toutes les cat\u00e9gories de mini \u00e0 U9 (enfants n\u00e9s entre et 2013 et 2017) et le mercredi 8 septembre \u00e0 14h00. N'h\u00e9sitez pas \u00e0 venir d\u00e9couvrir le football !","rel":"","context":"Dans &quot;Communication club&quot;","img":{"alt_text":"","src":"https:\/\/i0.wp.com\/as-surques-escoeuilles.fr\/wp-content\/uploads\/2021\/09\/retouraufoot.jpg?fit=927%2C826&ssl=1&resize=350%2C200","width":350,"height":200},"classes":[]},{"id":5070,"url":"https:\/\/as-surques-escoeuilles.fr\/index.php\/2021\/05\/04\/journee-portes-ouvertes\/","url_meta":{"origin":5316,"position":1},"title":"Journ\u00e9e portes ouvertes","date":"4 mai 2021","format":false,"excerpt":"L'\u00e9cole de foot ouvrira ses portes le samedi 22 mai \u00e0 14h00 pour des s\u00e9ances U6 U7 et U8 U9. Tous les enfants n\u00e9s entre 2013 et 2016 sont les bienvenus pour d\u00e9couvrir la pratique. Pour les personnes n\u00e9es en 2004 ou avant, les s\u00e9ances seniors sont ouvertes aux essais\u2026","rel":"","context":"Dans &quot;Communication club&quot;","img":{"alt_text":"","src":"https:\/\/i0.wp.com\/as-surques-escoeuilles.fr\/wp-content\/uploads\/2021\/05\/IMG_20210502_170722.jpg?fit=596%2C832&ssl=1&resize=350%2C200","width":350,"height":200},"classes":[]},{"id":5019,"url":"https:\/\/as-surques-escoeuilles.fr\/index.php\/2021\/03\/25\/pef-biathlon-technique-arbitrage\/","url_meta":{"origin":5316,"position":2},"title":"PEF : biathlon technique arbitrage","date":"25 mars 2021","format":false,"excerpt":"Dans le cadre de son BMF, Beno\u00eet a poursuivi son action arbitrage d\u00e9marr\u00e9 au mois de d\u00e9cembre avec les U13 et les U14 F\u00e9minines. Les joueurs\/ses avaient en effet pu r\u00e9vis\u00e9 les r\u00e8gles du foot \u00e0 8, et cette semaine marquait le retour sur le terrain pour un biathlon technique.\u2026","rel":"","context":"Dans &quot;Football F\u00e9minin&quot;","img":{"alt_text":"","src":"https:\/\/i0.wp.com\/as-surques-escoeuilles.fr\/wp-content\/uploads\/2019\/12\/pef-1__o51o9z7720021839539359248.jpg?fit=958%2C520&ssl=1&resize=350%2C200","width":350,"height":200},"classes":[]},{"id":4368,"url":"https:\/\/as-surques-escoeuilles.fr\/index.php\/2020\/06\/11\/label-ecole-de-foot-feminine\/","url_meta":{"origin":5316,"position":3},"title":"Label \u00e9cole de foot f\u00e9minine","date":"11 juin 2020","format":false,"excerpt":"Ce mercredi 10 juin, le club a obtenu sa dotation FFF pour le label bronze \u00e9cole de foot f\u00e9minine obtenu suite au d\u00e9p\u00f4t du dossier lors de la saison 2018-2019. Ce label est valable sur la p\u00e9riode 2019-2022. Bravo \u00e0 l'ensemble des acteurs investis autour du d\u00e9veloppement f\u00e9minin et mobilis\u00e9s\u2026","rel":"","context":"Dans &quot;Communication club&quot;","img":{"alt_text":"","src":"https:\/\/i0.wp.com\/as-surques-escoeuilles.fr\/wp-content\/uploads\/2020\/06\/103390499_2942271552477108_8939802034028538686_o.jpg?fit=900%2C1200&ssl=1&resize=350%2C200","width":350,"height":200},"classes":[]},{"id":5257,"url":"https:\/\/as-surques-escoeuilles.fr\/index.php\/2021\/07\/28\/lasse-obtient-le-label-jeunes\/","url_meta":{"origin":5316,"position":4},"title":"L&rsquo;ASSE obtient le label jeunes!","date":"28 juillet 2021","format":false,"excerpt":"L'ASSE obtient le label jeunes ! Apr\u00e8s un long travail d'autodiagnostic, ce label vient r\u00e9compenser le travail de structuration et de d\u00e9veloppement aupr\u00e8s des jeunes licenci\u00e9(e)s. D\u00e9j\u00e0 labellis\u00e9e \u00e9cole de foot f\u00e9minine en 2020, l'ASSE poursuit sa mont\u00e9e en comp\u00e9tences, toujours dans le but d'accompagner au mieux nos jeunes !\u2026","rel":"","context":"Dans &quot;Communication club&quot;","img":{"alt_text":"","src":"https:\/\/i0.wp.com\/as-surques-escoeuilles.fr\/wp-content\/uploads\/2021\/07\/IMG_20210728_180828.jpg?fit=1182%2C556&ssl=1&resize=350%2C200","width":350,"height":200},"classes":[]},{"id":4996,"url":"https:\/\/as-surques-escoeuilles.fr\/index.php\/2021\/02\/19\/pef-cassenaval-pour-nos-mini-foot-et-u6-u7\/","url_meta":{"origin":5316,"position":5},"title":"PEF : cASSEnaval pour nos mini-foot et U6-U7","date":"19 f\u00e9vrier 2021","format":false,"excerpt":"Retrouvez l'ensemble de nos contenus PEF sur la page Programme Educatif F\u00e9d\u00e9ral","rel":"","context":"Dans &quot;Communication club&quot;","img":{"alt_text":"","src":"https:\/\/i0.wp.com\/as-surques-escoeuilles.fr\/wp-content\/uploads\/2021\/02\/U6U7_cASSEnaval.png?fit=1200%2C848&ssl=1&resize=350%2C200","width":350,"height":200},"classes":[]}],"_links":{"self":[{"href":"https:\/\/as-surques-escoeuilles.fr\/index.php\/wp-json\/wp\/v2\/posts\/5316"}],"collection":[{"href":"https:\/\/as-surques-escoeuilles.fr\/index.php\/wp-json\/wp\/v2\/posts"}],"about":[{"href":"https:\/\/as-surques-escoeuilles.fr\/index.php\/wp-json\/wp\/v2\/types\/post"}],"author":[{"embeddable":true,"href":"https:\/\/as-surques-escoeuilles.fr\/index.php\/wp-json\/wp\/v2\/users\/1"}],"replies":[{"embeddable":true,"href":"https:\/\/as-surques-escoeuilles.fr\/index.php\/wp-json\/wp\/v2\/comments?post=5316"}],"version-history":[{"count":1,"href":"https:\/\/as-surques-escoeuilles.fr\/index.php\/wp-json\/wp\/v2\/posts\/5316\/revisions"}],"predecessor-version":[{"id":5320,"href":"https:\/\/as-surques-escoeuilles.fr\/index.php\/wp-json\/wp\/v2\/posts\/5316\/revisions\/5320"}],"wp:featuredmedia":[{"embeddable":true,"href":"https:\/\/as-surques-escoeuilles.fr\/index.php\/wp-json\/wp\/v2\/media\/5319"}],"wp:attachment":[{"href":"https:\/\/as-surques-escoeuilles.fr\/index.php\/wp-json\/wp\/v2\/media?parent=5316"}],"wp:term":[{"taxonomy":"category","embeddable":true,"href":"https:\/\/as-surques-escoeuilles.fr\/index.php\/wp-json\/wp\/v2\/categories?post=5316"},{"taxonomy":"post_tag","embeddable":true,"href":"https:\/\/as-surques-escoeuilles.fr\/index.php\/wp-json\/wp\/v2\/tags?post=5316"}],"curies":[{"name":"wp","href":"https:\/\/api.w.org\/{rel}","templated":true}]}}