{"id":5402,"date":"2021-10-20T15:20:50","date_gmt":"2021-10-20T13:20:50","guid":{"rendered":"https:\/\/as-surques-escoeuilles.fr\/?p=5402"},"modified":"2021-10-20T15:21:12","modified_gmt":"2021-10-20T13:21:12","slug":"retour-du-repas-dansant","status":"publish","type":"post","link":"https:\/\/as-surques-escoeuilles.fr\/index.php\/2021\/10\/20\/retour-du-repas-dansant\/","title":{"rendered":"Retour du repas dansant !"},"content":{"rendered":"\n<p>Apr\u00e8s deux ann\u00e9es mortes, le repas dansant de Novembre est de retour \u00e0 l&rsquo;ASSE. Il aura lieu cette ann\u00e9e \u00e0 la salle d&rsquo;Escoeuilles le samedi 20 novembre. Le pass sanitaire sera exig\u00e9 \u00e0 l&rsquo;entr\u00e9e. <\/p>\n\n\n\n<p>N&rsquo;h\u00e9sitez pas \u00e0 r\u00e9server vos places rapidement ! <\/p>\n\n\n\n<figure class=\"wp-block-image size-large\"><img data-attachment-id=\"5403\" data-permalink=\"https:\/\/as-surques-escoeuilles.fr\/index.php\/2021\/10\/20\/retour-du-repas-dansant\/capture-1-3\/\" data-orig-file=\"https:\/\/i0.wp.com\/as-surques-escoeuilles.fr\/wp-content\/uploads\/2021\/10\/Capture-1.jpg?fit=566%2C797&amp;ssl=1\" data-orig-size=\"566,797\" data-comments-opened=\"1\" data-image-meta=\"{&quot;aperture&quot;:&quot;0&quot;,&quot;credit&quot;:&quot;Beno\\u00eet Fortin&quot;,&quot;camera&quot;:&quot;&quot;,&quot;caption&quot;:&quot;&quot;,&quot;created_timestamp&quot;:&quot;1634742033&quot;,&quot;copyright&quot;:&quot;&quot;,&quot;focal_length&quot;:&quot;0&quot;,&quot;iso&quot;:&quot;0&quot;,&quot;shutter_speed&quot;:&quot;0&quot;,&quot;title&quot;:&quot;&quot;,&quot;orientation&quot;:&quot;0&quot;}\" data-image-title=\"Capture-1\" data-image-description=\"\" data-image-caption=\"\" data-medium-file=\"https:\/\/i0.wp.com\/as-surques-escoeuilles.fr\/wp-content\/uploads\/2021\/10\/Capture-1.jpg?fit=213%2C300&amp;ssl=1\" data-large-file=\"https:\/\/i0.wp.com\/as-surques-escoeuilles.fr\/wp-content\/uploads\/2021\/10\/Capture-1.jpg?fit=566%2C797&amp;ssl=1\" fetchpriority=\"high\" width=\"566\" height=\"797\" src=\"https:\/\/i0.wp.com\/as-surques-escoeuilles.fr\/wp-content\/uploads\/2021\/10\/Capture-1.jpg?resize=566%2C797&#038;ssl=1\" alt=\"\" class=\"wp-image-5403\" srcset=\"https:\/\/i0.wp.com\/as-surques-escoeuilles.fr\/wp-content\/uploads\/2021\/10\/Capture-1.jpg?w=566&amp;ssl=1 566w, https:\/\/i0.wp.com\/as-surques-escoeuilles.fr\/wp-content\/uploads\/2021\/10\/Capture-1.jpg?resize=213%2C300&amp;ssl=1 213w\" sizes=\"(max-width: 566px) 100vw, 566px\" data-recalc-dims=\"1\" \/><\/figure>\n","protected":false},"excerpt":{"rendered":"<p>Apr\u00e8s deux ann\u00e9es mortes, le repas dansant de Novembre est de retour \u00e0 l&rsquo;ASSE. Il aura lieu cette ann\u00e9e \u00e0<\/p>\n","protected":false},"author":1,"featured_media":0,"comment_status":"open","ping_status":"open","sticky":false,"template":"","format":"standard","meta":{"ngg_post_thumbnail":0,"jetpack_post_was_ever_published":false,"jetpack_publicize_message":"","jetpack_is_tweetstorm":false,"jetpack_publicize_feature_enabled":true,"jetpack_social_post_already_shared":true,"jetpack_social_options":{"image_generator_settings":{"template":"highway","enabled":false}}},"categories":[23,29,89],"tags":[],"jetpack_publicize_connections":[],"jetpack_featured_media_url":"","jetpack_sharing_enabled":true,"jetpack_shortlink":"https:\/\/wp.me\/p8dhOI-1p8","jetpack-related-posts":[{"id":3114,"url":"https:\/\/as-surques-escoeuilles.fr\/index.php\/2019\/10\/26\/250eme-licencie\/","url_meta":{"origin":5402,"position":0},"title":"250\u00e8me licenci\u00e9","date":"26 octobre 2019","format":false,"excerpt":"Il y a un peu moins d'un an, l'ASSE f\u00eatait son 200\u00e8me licenci\u00e9 lors de son repas dansant. Cette ann\u00e9e c'est un nouveau cap de franchi, avec le 250\u00e8me licenci\u00e9 au club. Tout un symbole, c'est la petite Emy, qui vient de f\u00eater ses 5 ans, qui rejoint le club\u2026","rel":"","context":"Dans &quot;Communication club&quot;","img":{"alt_text":"","src":"https:\/\/i0.wp.com\/as-surques-escoeuilles.fr\/wp-content\/uploads\/2019\/10\/250.png?fit=680%2C329&ssl=1&resize=350%2C200","width":350,"height":200},"classes":[]},{"id":653,"url":"https:\/\/as-surques-escoeuilles.fr\/index.php\/2017\/10\/25\/soiree-dansante\/","url_meta":{"origin":5402,"position":1},"title":"Soir\u00e9e dansante","date":"25 octobre 2017","format":false,"excerpt":"La traditionnelle soir\u00e9e dansante du club aura lieu le samedi 4 novembre \u00e0 partir de 20h00 \u00e0 la salle de l'Amical de Surques. Repas et ambiance garantie jusqu'au petit matin ! Menu adulte \u00e0 13\u20ac : Jambon \u00e0 l'os,\u00a0 gratin dauphinois, endive brais\u00e9e, jardini\u00e8re de l\u00e9gumes, tarte, caf\u00e9 Menu enfant\u2026","rel":"","context":"Dans &quot;Non class\u00e9&quot;","img":{"alt_text":"","src":"https:\/\/i0.wp.com\/as-surques-escoeuilles.fr\/wp-content\/uploads\/2017\/10\/AFFICHE.jpg?fit=853%2C1200&ssl=1&resize=350%2C200","width":350,"height":200},"classes":[]},{"id":1874,"url":"https:\/\/as-surques-escoeuilles.fr\/index.php\/2018\/10\/09\/soiree-dansante-2\/","url_meta":{"origin":5402,"position":2},"title":"Soir\u00e9e dansante !","date":"9 octobre 2018","format":false,"excerpt":"La soir\u00e9e dansante organis\u00e9e par le club fait son retour cette ann\u00e9e le samedi 17 novembre 2018.Pensez \u00e0 r\u00e9server votre place au plus vite !http:\/\/as-surques-escoeuilles.fr\/index.php\/manifestations\/soiree-dansante\/","rel":"","context":"Dans &quot;Non class\u00e9&quot;","img":{"alt_text":"","src":"https:\/\/i0.wp.com\/as-surques-escoeuilles.fr\/wp-content\/uploads\/2018\/10\/flyerbis-1.jpg?fit=486%2C473&ssl=1&resize=350%2C200","width":350,"height":200},"classes":[]},{"id":2631,"url":"https:\/\/as-surques-escoeuilles.fr\/index.php\/2019\/05\/30\/cdm-feminines-informations-deplacement\/","url_meta":{"origin":5402,"position":3},"title":"CDM F\u00e9minines : informations d\u00e9placement","date":"30 mai 2019","format":false,"excerpt":"Le grand jour approche : les personnes ayant r\u00e9serv\u00e9 une place pour le d\u00e9placement au Parc des Princes le vendredi 7 juin sont attendus sur le parking du transporteur BAY (rue Noble \u00e0 Surques ) \u00e0 14h15 pr\u00e9cises. L'heure de retour n'est pas encore connue mais sera communiqu\u00e9e aux participants\u2026","rel":"","context":"Dans &quot;Non class\u00e9&quot;","img":{"alt_text":"","src":"https:\/\/i0.wp.com\/as-surques-escoeuilles.fr\/wp-content\/uploads\/2019\/05\/football-match-feminin-ok-B.jpg?fit=768%2C432&ssl=1&resize=350%2C200","width":350,"height":200},"classes":[]},{"id":5698,"url":"https:\/\/as-surques-escoeuilles.fr\/index.php\/2022\/05\/06\/asse-vainqueur-du-premier-concours-pef-district-cote-dopale-visite-de-clairefonfaine\/","url_meta":{"origin":5402,"position":4},"title":"Asse vainqueur du premier concours Pef district C\u00f4te d&rsquo;Opale : visite de Clairefonfaine","date":"6 mai 2022","format":false,"excerpt":"Dimanche 1er\u00a0mai dernier, le District C\u00f4te d\u2019Opale \u00e9tait heureux d\u2019emmener \u00e0 CLAIREFONTAINE son 1er\u00a0laur\u00e9at du CONCOURS PEF organis\u00e9 pour la saison 2021\/2022. Ce sont donc 21 jeunes U12-U13 gar\u00e7ons et filles du club de l\u2019AS SURQUES ESCOEUILLES, accompagn\u00e9s d\u2019une quinzaine d\u2019\u00e9ducatrices, \u00e9ducateurs, et de leur Pr\u00e9sident, qui ont pu d\u00e9couvrir\u2026","rel":"","context":"Dans &quot;Communication club&quot;","img":{"alt_text":"","src":"https:\/\/i0.wp.com\/as-surques-escoeuilles.fr\/wp-content\/uploads\/2022\/05\/received_515631046876030-1.jpeg?fit=1200%2C625&ssl=1&resize=350%2C200","width":350,"height":200},"classes":[]},{"id":1486,"url":"https:\/\/as-surques-escoeuilles.fr\/index.php\/2019\/06\/10\/assemblee-generale-2\/","url_meta":{"origin":5402,"position":5},"title":"Assembl\u00e9e g\u00e9n\u00e9rale","date":"10 juin 2019","format":false,"excerpt":"Nous vous rappelons que la pr\u00e9sence\u00a0des licenci\u00e9s ou de leurs membres repr\u00e9sentant pour les mineurs est indispensable pour la bonne connaissance du fonctionnement de notre association et les informations. Nous vous rappelons que cette assembl\u00e9e g\u00e9n\u00e9rale est l\u2019occasion de collecter les v\u0153ux des licenci\u00e9s ou de leurs repr\u00e9sentants concernant le\u2026","rel":"","context":"Dans &quot;Communication club&quot;","img":{"alt_text":"","src":"https:\/\/i0.wp.com\/as-surques-escoeuilles.fr\/wp-content\/uploads\/2018\/06\/Assemble\u0301e.jpg?fit=1200%2C342&ssl=1&resize=350%2C200","width":350,"height":200},"classes":[]}],"_links":{"self":[{"href":"https:\/\/as-surques-escoeuilles.fr\/index.php\/wp-json\/wp\/v2\/posts\/5402"}],"collection":[{"href":"https:\/\/as-surques-escoeuilles.fr\/index.php\/wp-json\/wp\/v2\/posts"}],"about":[{"href":"https:\/\/as-surques-escoeuilles.fr\/index.php\/wp-json\/wp\/v2\/types\/post"}],"author":[{"embeddable":true,"href":"https:\/\/as-surques-escoeuilles.fr\/index.php\/wp-json\/wp\/v2\/users\/1"}],"replies":[{"embeddable":true,"href":"https:\/\/as-surques-escoeuilles.fr\/index.php\/wp-json\/wp\/v2\/comments?post=5402"}],"version-history":[{"count":1,"href":"https:\/\/as-surques-escoeuilles.fr\/index.php\/wp-json\/wp\/v2\/posts\/5402\/revisions"}],"predecessor-version":[{"id":5404,"href":"https:\/\/as-surques-escoeuilles.fr\/index.php\/wp-json\/wp\/v2\/posts\/5402\/revisions\/5404"}],"wp:attachment":[{"href":"https:\/\/as-surques-escoeuilles.fr\/index.php\/wp-json\/wp\/v2\/media?parent=5402"}],"wp:term":[{"taxonomy":"category","embeddable":true,"href":"https:\/\/as-surques-escoeuilles.fr\/index.php\/wp-json\/wp\/v2\/categories?post=5402"},{"taxonomy":"post_tag","embeddable":true,"href":"https:\/\/as-surques-escoeuilles.fr\/index.php\/wp-json\/wp\/v2\/tags?post=5402"}],"curies":[{"name":"wp","href":"https:\/\/api.w.org\/{rel}","templated":true}]}}