{"id":5698,"date":"2022-05-06T17:03:16","date_gmt":"2022-05-06T15:03:16","guid":{"rendered":"https:\/\/as-surques-escoeuilles.fr\/index.php\/2022\/05\/06\/asse-vainqueur-du-premier-concours-pef-district-cote-dopale-visite-de-clairefonfaine\/"},"modified":"2022-05-06T17:03:16","modified_gmt":"2022-05-06T15:03:16","slug":"asse-vainqueur-du-premier-concours-pef-district-cote-dopale-visite-de-clairefonfaine","status":"publish","type":"post","link":"https:\/\/as-surques-escoeuilles.fr\/index.php\/2022\/05\/06\/asse-vainqueur-du-premier-concours-pef-district-cote-dopale-visite-de-clairefonfaine\/","title":{"rendered":"Asse vainqueur du premier concours Pef district C\u00f4te d&rsquo;Opale : visite de Clairefonfaine"},"content":{"rendered":"\n<p>Dimanche 1<sup>er<\/sup>\u00a0mai dernier, le District C\u00f4te d\u2019Opale \u00e9tait heureux d\u2019emmener \u00e0 CLAIREFONTAINE son 1<sup>er<\/sup>\u00a0laur\u00e9at du CONCOURS PEF organis\u00e9 pour la saison 2021\/2022.<\/p>\n\n\n\n<p>Ce sont donc 21 jeunes U12-U13 gar\u00e7ons et filles du club de l\u2019AS SURQUES ESCOEUILLES, accompagn\u00e9s d\u2019une quinzaine d\u2019\u00e9ducatrices, \u00e9ducateurs, et de leur Pr\u00e9sident, qui ont pu d\u00e9couvrir le temple du Football Fran\u00e7ais.<\/p>\n\n\n\n<p>D\u00e9part 5h du matin\u2026 dur pour un jour f\u00e9ri\u00e9, mais l\u2019excitation est d\u00e9j\u00e0 au rendez-vous, et l\u2019impatience ne cesse de croitre au fil des kilom\u00e8tres.<\/p>\n\n\n\n<p><strong>09h30<\/strong>\u00a0: \u00c7a y est, le bus p\u00e9n\u00e8tre dans le Centre National du Football, les portables et autres appareils photos sont en mode rafales. A peine entr\u00e9s, nos visiteurs d\u2019un jour d\u00e9couvrent l\u2019immense r\u00e9plique de la Coupe du Monde arborant fi\u00e8rement ses 2 \u00e9toiles \u00e0 l\u2019entr\u00e9e du parc.<\/p>\n\n\n\n<p><strong>10h\u00a0<\/strong>: C\u2019est l\u2019heure de la jouer comme MBapp\u00e9\u2026 s\u00e9ance d\u2019entrainement sur les terrains de Clairefontaine\u00a0: conservation, ateliers PEF, circuit technique et matchs 3\u00d73 sont au programme pour les jeunes, pendant que les grands se d\u00e9fient au FUTNET.<\/p>\n\n\n\n<p><strong>12h45<\/strong>\u00a0: Apr\u00e8s une bonne s\u00e9ance d\u2019entrainement, c\u2019est l\u2019heure du repas au self du Centre, menu de champion \u00e0 la carte\u2026 la di\u00e9t\u00e9tique est de rigueur\u00a0!!!<\/p>\n\n\n\n<p><strong>14h\u00a0<\/strong>: A peine les \u00e9motions\u2026 et le repas dig\u00e9r\u00e9s, voil\u00e0 tout notre petit groupe parti pour la visite guid\u00e9e tant attendue. Historique du Centre, pr\u00e9sentation des diff\u00e9rents terrains (dont celui de l\u2019Equipe de France), pr\u00e9sentation du Centre M\u00e9dical, des locaux de l\u2019INF, des diff\u00e9rents b\u00e2timents d\u2019h\u00e9bergement, etc\u2026<\/p>\n\n\n\n<p><strong>15h30<\/strong>\u00a0: Bouquet final de la visite\u2026 le Ch\u00e2teau de l\u2019Equipe de France, de la mont\u00e9e des marches jusqu\u2019aux Vestiaires des joueurs, en passant par leur salon de d\u00e9tente et salle \u00e0 manger, il n\u2019en fallait pas plus pour que nos jeunes, mais aussi les moins jeunes aient des souvenirs plein la t\u00eate.<\/p>\n\n\n\n<p><strong>16h<\/strong>\u00a0: Cl\u00f4ture de la visite par le mus\u00e9e des BLEU(E)S<\/p>\n\n\n\n<p><strong>18h30<\/strong>\u00a0: Apr\u00e8s un passage \u00e0 la boutique pour ramener quelques souvenirs, la distribution d\u2019un porte-cl\u00e9 \u00e0 chaque participant et un go\u00fbter bien m\u00e9rit\u00e9, c\u2019est l\u2019heure de repartir.<\/p>\n\n\n\n<p><strong>23h30<\/strong>\u00a0: Retour \u00e0 Surques, les yeux fatigu\u00e9s mais remplis d\u2019\u00e9toiles\u2026\u00a0<\/p>\n\n\n\n<p>Texte et photos : Benjamin HOCHART<\/p>\n\n\n\n<figure data-carousel-extra='{\"blog_id\":1,\"permalink\":\"https:\\\/\\\/as-surques-escoeuilles.fr\\\/index.php\\\/2022\\\/05\\\/06\\\/asse-vainqueur-du-premier-concours-pef-district-cote-dopale-visite-de-clairefonfaine\\\/\"}'  class=\"wp-container-2 wp-block-gallery-1 wp-block-gallery has-nested-images columns-default is-cropped\">\n<figure class=\"wp-block-image\"><img data-attachment-id=\"5692\" data-permalink=\"https:\/\/as-surques-escoeuilles.fr\/index.php\/2022\/05\/06\/asse-vainqueur-du-premier-concours-pef-district-cote-dopale-visite-de-clairefonfaine\/received_14303810240773552890784004370031136\/\" data-orig-file=\"https:\/\/i0.wp.com\/as-surques-escoeuilles.fr\/wp-content\/uploads\/2022\/05\/received_14303810240773552890784004370031136.jpeg?fit=2048%2C1536&amp;ssl=1\" data-orig-size=\"2048,1536\" data-comments-opened=\"1\" data-image-meta=\"{&quot;aperture&quot;:&quot;0&quot;,&quot;credit&quot;:&quot;&quot;,&quot;camera&quot;:&quot;&quot;,&quot;caption&quot;:&quot;&quot;,&quot;created_timestamp&quot;:&quot;0&quot;,&quot;copyright&quot;:&quot;&quot;,&quot;focal_length&quot;:&quot;0&quot;,&quot;iso&quot;:&quot;0&quot;,&quot;shutter_speed&quot;:&quot;0&quot;,&quot;title&quot;:&quot;&quot;,&quot;orientation&quot;:&quot;0&quot;}\" data-image-title=\"received_14303810240773552890784004370031136\" data-image-description=\"\" data-image-caption=\"\" data-medium-file=\"https:\/\/i0.wp.com\/as-surques-escoeuilles.fr\/wp-content\/uploads\/2022\/05\/received_14303810240773552890784004370031136.jpeg?fit=300%2C225&amp;ssl=1\" data-large-file=\"https:\/\/i0.wp.com\/as-surques-escoeuilles.fr\/wp-content\/uploads\/2022\/05\/received_14303810240773552890784004370031136.jpeg?fit=800%2C600&amp;ssl=1\" fetchpriority=\"high\" width=\"800\" height=\"600\" data-id=\"5692\"  src=\"https:\/\/i0.wp.com\/as-surques-escoeuilles.fr\/wp-content\/uploads\/2022\/05\/received_14303810240773552890784004370031136.jpeg?resize=800%2C600&#038;ssl=1\" alt=\"\" class=\"wp-image-5692\" srcset=\"https:\/\/i0.wp.com\/as-surques-escoeuilles.fr\/wp-content\/uploads\/2022\/05\/received_14303810240773552890784004370031136.jpeg?w=2048&amp;ssl=1 2048w, https:\/\/i0.wp.com\/as-surques-escoeuilles.fr\/wp-content\/uploads\/2022\/05\/received_14303810240773552890784004370031136.jpeg?resize=300%2C225&amp;ssl=1 300w, https:\/\/i0.wp.com\/as-surques-escoeuilles.fr\/wp-content\/uploads\/2022\/05\/received_14303810240773552890784004370031136.jpeg?resize=1024%2C768&amp;ssl=1 1024w, https:\/\/i0.wp.com\/as-surques-escoeuilles.fr\/wp-content\/uploads\/2022\/05\/received_14303810240773552890784004370031136.jpeg?resize=768%2C576&amp;ssl=1 768w, https:\/\/i0.wp.com\/as-surques-escoeuilles.fr\/wp-content\/uploads\/2022\/05\/received_14303810240773552890784004370031136.jpeg?resize=1536%2C1152&amp;ssl=1 1536w, https:\/\/i0.wp.com\/as-surques-escoeuilles.fr\/wp-content\/uploads\/2022\/05\/received_14303810240773552890784004370031136.jpeg?resize=600%2C450&amp;ssl=1 600w, https:\/\/i0.wp.com\/as-surques-escoeuilles.fr\/wp-content\/uploads\/2022\/05\/received_14303810240773552890784004370031136.jpeg?w=1600&amp;ssl=1 1600w\" sizes=\"(max-width: 800px) 100vw, 800px\" data-recalc-dims=\"1\" \/><\/figure>\n\n\n\n<figure class=\"wp-block-image\"><img data-attachment-id=\"5689\" data-permalink=\"https:\/\/as-surques-escoeuilles.fr\/index.php\/2022\/05\/06\/asse-vainqueur-du-premier-concours-pef-district-cote-dopale-visite-de-clairefonfaine\/received_2827806440629916827643389199730626\/\" data-orig-file=\"https:\/\/i0.wp.com\/as-surques-escoeuilles.fr\/wp-content\/uploads\/2022\/05\/received_2827806440629916827643389199730626.jpeg?fit=2048%2C1536&amp;ssl=1\" data-orig-size=\"2048,1536\" data-comments-opened=\"1\" data-image-meta=\"{&quot;aperture&quot;:&quot;0&quot;,&quot;credit&quot;:&quot;&quot;,&quot;camera&quot;:&quot;&quot;,&quot;caption&quot;:&quot;&quot;,&quot;created_timestamp&quot;:&quot;0&quot;,&quot;copyright&quot;:&quot;&quot;,&quot;focal_length&quot;:&quot;0&quot;,&quot;iso&quot;:&quot;0&quot;,&quot;shutter_speed&quot;:&quot;0&quot;,&quot;title&quot;:&quot;&quot;,&quot;orientation&quot;:&quot;0&quot;}\" data-image-title=\"received_2827806440629916827643389199730626\" data-image-description=\"\" data-image-caption=\"\" data-medium-file=\"https:\/\/i0.wp.com\/as-surques-escoeuilles.fr\/wp-content\/uploads\/2022\/05\/received_2827806440629916827643389199730626.jpeg?fit=300%2C225&amp;ssl=1\" data-large-file=\"https:\/\/i0.wp.com\/as-surques-escoeuilles.fr\/wp-content\/uploads\/2022\/05\/received_2827806440629916827643389199730626.jpeg?fit=800%2C600&amp;ssl=1\" width=\"800\" height=\"600\" data-id=\"5689\"  src=\"https:\/\/i0.wp.com\/as-surques-escoeuilles.fr\/wp-content\/uploads\/2022\/05\/received_2827806440629916827643389199730626.jpeg?resize=800%2C600&#038;ssl=1\" alt=\"\" class=\"wp-image-5689\" srcset=\"https:\/\/i0.wp.com\/as-surques-escoeuilles.fr\/wp-content\/uploads\/2022\/05\/received_2827806440629916827643389199730626.jpeg?w=2048&amp;ssl=1 2048w, https:\/\/i0.wp.com\/as-surques-escoeuilles.fr\/wp-content\/uploads\/2022\/05\/received_2827806440629916827643389199730626.jpeg?resize=300%2C225&amp;ssl=1 300w, https:\/\/i0.wp.com\/as-surques-escoeuilles.fr\/wp-content\/uploads\/2022\/05\/received_2827806440629916827643389199730626.jpeg?resize=1024%2C768&amp;ssl=1 1024w, https:\/\/i0.wp.com\/as-surques-escoeuilles.fr\/wp-content\/uploads\/2022\/05\/received_2827806440629916827643389199730626.jpeg?resize=768%2C576&amp;ssl=1 768w, https:\/\/i0.wp.com\/as-surques-escoeuilles.fr\/wp-content\/uploads\/2022\/05\/received_2827806440629916827643389199730626.jpeg?resize=1536%2C1152&amp;ssl=1 1536w, https:\/\/i0.wp.com\/as-surques-escoeuilles.fr\/wp-content\/uploads\/2022\/05\/received_2827806440629916827643389199730626.jpeg?resize=600%2C450&amp;ssl=1 600w, https:\/\/i0.wp.com\/as-surques-escoeuilles.fr\/wp-content\/uploads\/2022\/05\/received_2827806440629916827643389199730626.jpeg?w=1600&amp;ssl=1 1600w\" sizes=\"(max-width: 800px) 100vw, 800px\" data-recalc-dims=\"1\" \/><\/figure>\n\n\n\n<figure class=\"wp-block-image\"><img data-attachment-id=\"5692\" data-permalink=\"https:\/\/as-surques-escoeuilles.fr\/index.php\/2022\/05\/06\/asse-vainqueur-du-premier-concours-pef-district-cote-dopale-visite-de-clairefonfaine\/received_14303810240773552890784004370031136\/\" data-orig-file=\"https:\/\/i0.wp.com\/as-surques-escoeuilles.fr\/wp-content\/uploads\/2022\/05\/received_14303810240773552890784004370031136.jpeg?fit=2048%2C1536&amp;ssl=1\" data-orig-size=\"2048,1536\" data-comments-opened=\"1\" data-image-meta=\"{&quot;aperture&quot;:&quot;0&quot;,&quot;credit&quot;:&quot;&quot;,&quot;camera&quot;:&quot;&quot;,&quot;caption&quot;:&quot;&quot;,&quot;created_timestamp&quot;:&quot;0&quot;,&quot;copyright&quot;:&quot;&quot;,&quot;focal_length&quot;:&quot;0&quot;,&quot;iso&quot;:&quot;0&quot;,&quot;shutter_speed&quot;:&quot;0&quot;,&quot;title&quot;:&quot;&quot;,&quot;orientation&quot;:&quot;0&quot;}\" data-image-title=\"received_14303810240773552890784004370031136\" data-image-description=\"\" data-image-caption=\"\" data-medium-file=\"https:\/\/i0.wp.com\/as-surques-escoeuilles.fr\/wp-content\/uploads\/2022\/05\/received_14303810240773552890784004370031136.jpeg?fit=300%2C225&amp;ssl=1\" data-large-file=\"https:\/\/i0.wp.com\/as-surques-escoeuilles.fr\/wp-content\/uploads\/2022\/05\/received_14303810240773552890784004370031136.jpeg?fit=800%2C600&amp;ssl=1\" fetchpriority=\"high\" width=\"800\" height=\"600\" data-id=\"5692\"  src=\"https:\/\/i0.wp.com\/as-surques-escoeuilles.fr\/wp-content\/uploads\/2022\/05\/received_14303810240773552890784004370031136.jpeg?resize=800%2C600&#038;ssl=1\" alt=\"\" class=\"wp-image-5692\" srcset=\"https:\/\/i0.wp.com\/as-surques-escoeuilles.fr\/wp-content\/uploads\/2022\/05\/received_14303810240773552890784004370031136.jpeg?w=2048&amp;ssl=1 2048w, https:\/\/i0.wp.com\/as-surques-escoeuilles.fr\/wp-content\/uploads\/2022\/05\/received_14303810240773552890784004370031136.jpeg?resize=300%2C225&amp;ssl=1 300w, https:\/\/i0.wp.com\/as-surques-escoeuilles.fr\/wp-content\/uploads\/2022\/05\/received_14303810240773552890784004370031136.jpeg?resize=1024%2C768&amp;ssl=1 1024w, https:\/\/i0.wp.com\/as-surques-escoeuilles.fr\/wp-content\/uploads\/2022\/05\/received_14303810240773552890784004370031136.jpeg?resize=768%2C576&amp;ssl=1 768w, https:\/\/i0.wp.com\/as-surques-escoeuilles.fr\/wp-content\/uploads\/2022\/05\/received_14303810240773552890784004370031136.jpeg?resize=1536%2C1152&amp;ssl=1 1536w, https:\/\/i0.wp.com\/as-surques-escoeuilles.fr\/wp-content\/uploads\/2022\/05\/received_14303810240773552890784004370031136.jpeg?resize=600%2C450&amp;ssl=1 600w, https:\/\/i0.wp.com\/as-surques-escoeuilles.fr\/wp-content\/uploads\/2022\/05\/received_14303810240773552890784004370031136.jpeg?w=1600&amp;ssl=1 1600w\" sizes=\"(max-width: 800px) 100vw, 800px\" data-recalc-dims=\"1\" \/><\/figure>\n\n\n\n<figure class=\"wp-block-image\"><img data-attachment-id=\"5693\" data-permalink=\"https:\/\/as-surques-escoeuilles.fr\/index.php\/2022\/05\/06\/asse-vainqueur-du-premier-concours-pef-district-cote-dopale-visite-de-clairefonfaine\/received_3874802665918166709344561569745045\/\" data-orig-file=\"https:\/\/i0.wp.com\/as-surques-escoeuilles.fr\/wp-content\/uploads\/2022\/05\/received_3874802665918166709344561569745045.jpeg?fit=1920%2C1080&amp;ssl=1\" data-orig-size=\"1920,1080\" data-comments-opened=\"1\" data-image-meta=\"{&quot;aperture&quot;:&quot;0&quot;,&quot;credit&quot;:&quot;&quot;,&quot;camera&quot;:&quot;&quot;,&quot;caption&quot;:&quot;&quot;,&quot;created_timestamp&quot;:&quot;0&quot;,&quot;copyright&quot;:&quot;&quot;,&quot;focal_length&quot;:&quot;0&quot;,&quot;iso&quot;:&quot;0&quot;,&quot;shutter_speed&quot;:&quot;0&quot;,&quot;title&quot;:&quot;&quot;,&quot;orientation&quot;:&quot;0&quot;}\" data-image-title=\"received_3874802665918166709344561569745045\" data-image-description=\"\" data-image-caption=\"\" data-medium-file=\"https:\/\/i0.wp.com\/as-surques-escoeuilles.fr\/wp-content\/uploads\/2022\/05\/received_3874802665918166709344561569745045.jpeg?fit=300%2C169&amp;ssl=1\" data-large-file=\"https:\/\/i0.wp.com\/as-surques-escoeuilles.fr\/wp-content\/uploads\/2022\/05\/received_3874802665918166709344561569745045.jpeg?fit=800%2C450&amp;ssl=1\" width=\"800\" height=\"450\" data-id=\"5693\"  src=\"https:\/\/i0.wp.com\/as-surques-escoeuilles.fr\/wp-content\/uploads\/2022\/05\/received_3874802665918166709344561569745045.jpeg?resize=800%2C450&#038;ssl=1\" alt=\"\" class=\"wp-image-5693\" srcset=\"https:\/\/i0.wp.com\/as-surques-escoeuilles.fr\/wp-content\/uploads\/2022\/05\/received_3874802665918166709344561569745045.jpeg?w=1920&amp;ssl=1 1920w, https:\/\/i0.wp.com\/as-surques-escoeuilles.fr\/wp-content\/uploads\/2022\/05\/received_3874802665918166709344561569745045.jpeg?resize=300%2C169&amp;ssl=1 300w, https:\/\/i0.wp.com\/as-surques-escoeuilles.fr\/wp-content\/uploads\/2022\/05\/received_3874802665918166709344561569745045.jpeg?resize=1024%2C576&amp;ssl=1 1024w, https:\/\/i0.wp.com\/as-surques-escoeuilles.fr\/wp-content\/uploads\/2022\/05\/received_3874802665918166709344561569745045.jpeg?resize=768%2C432&amp;ssl=1 768w, https:\/\/i0.wp.com\/as-surques-escoeuilles.fr\/wp-content\/uploads\/2022\/05\/received_3874802665918166709344561569745045.jpeg?resize=1536%2C864&amp;ssl=1 1536w, https:\/\/i0.wp.com\/as-surques-escoeuilles.fr\/wp-content\/uploads\/2022\/05\/received_3874802665918166709344561569745045.jpeg?resize=600%2C338&amp;ssl=1 600w, https:\/\/i0.wp.com\/as-surques-escoeuilles.fr\/wp-content\/uploads\/2022\/05\/received_3874802665918166709344561569745045.jpeg?w=1600&amp;ssl=1 1600w\" sizes=\"(max-width: 800px) 100vw, 800px\" data-recalc-dims=\"1\" \/><\/figure>\n\n\n\n<figure class=\"wp-block-image\"><img data-attachment-id=\"5690\" data-permalink=\"https:\/\/as-surques-escoeuilles.fr\/index.php\/2022\/05\/06\/asse-vainqueur-du-premier-concours-pef-district-cote-dopale-visite-de-clairefonfaine\/received_5632064717526166141724633214907957\/\" data-orig-file=\"https:\/\/i0.wp.com\/as-surques-escoeuilles.fr\/wp-content\/uploads\/2022\/05\/received_5632064717526166141724633214907957.jpeg?fit=2048%2C1536&amp;ssl=1\" data-orig-size=\"2048,1536\" data-comments-opened=\"1\" data-image-meta=\"{&quot;aperture&quot;:&quot;0&quot;,&quot;credit&quot;:&quot;&quot;,&quot;camera&quot;:&quot;&quot;,&quot;caption&quot;:&quot;&quot;,&quot;created_timestamp&quot;:&quot;0&quot;,&quot;copyright&quot;:&quot;&quot;,&quot;focal_length&quot;:&quot;0&quot;,&quot;iso&quot;:&quot;0&quot;,&quot;shutter_speed&quot;:&quot;0&quot;,&quot;title&quot;:&quot;&quot;,&quot;orientation&quot;:&quot;0&quot;}\" data-image-title=\"received_5632064717526166141724633214907957\" data-image-description=\"\" data-image-caption=\"\" data-medium-file=\"https:\/\/i0.wp.com\/as-surques-escoeuilles.fr\/wp-content\/uploads\/2022\/05\/received_5632064717526166141724633214907957.jpeg?fit=300%2C225&amp;ssl=1\" data-large-file=\"https:\/\/i0.wp.com\/as-surques-escoeuilles.fr\/wp-content\/uploads\/2022\/05\/received_5632064717526166141724633214907957.jpeg?fit=800%2C600&amp;ssl=1\" loading=\"lazy\" width=\"800\" height=\"600\" data-id=\"5690\"  src=\"https:\/\/i0.wp.com\/as-surques-escoeuilles.fr\/wp-content\/uploads\/2022\/05\/received_5632064717526166141724633214907957.jpeg?resize=800%2C600&#038;ssl=1\" alt=\"\" class=\"wp-image-5690\" srcset=\"https:\/\/i0.wp.com\/as-surques-escoeuilles.fr\/wp-content\/uploads\/2022\/05\/received_5632064717526166141724633214907957.jpeg?w=2048&amp;ssl=1 2048w, https:\/\/i0.wp.com\/as-surques-escoeuilles.fr\/wp-content\/uploads\/2022\/05\/received_5632064717526166141724633214907957.jpeg?resize=300%2C225&amp;ssl=1 300w, https:\/\/i0.wp.com\/as-surques-escoeuilles.fr\/wp-content\/uploads\/2022\/05\/received_5632064717526166141724633214907957.jpeg?resize=1024%2C768&amp;ssl=1 1024w, https:\/\/i0.wp.com\/as-surques-escoeuilles.fr\/wp-content\/uploads\/2022\/05\/received_5632064717526166141724633214907957.jpeg?resize=768%2C576&amp;ssl=1 768w, https:\/\/i0.wp.com\/as-surques-escoeuilles.fr\/wp-content\/uploads\/2022\/05\/received_5632064717526166141724633214907957.jpeg?resize=1536%2C1152&amp;ssl=1 1536w, https:\/\/i0.wp.com\/as-surques-escoeuilles.fr\/wp-content\/uploads\/2022\/05\/received_5632064717526166141724633214907957.jpeg?resize=600%2C450&amp;ssl=1 600w, https:\/\/i0.wp.com\/as-surques-escoeuilles.fr\/wp-content\/uploads\/2022\/05\/received_5632064717526166141724633214907957.jpeg?w=1600&amp;ssl=1 1600w\" sizes=\"(max-width: 800px) 100vw, 800px\" data-recalc-dims=\"1\" \/><\/figure>\n\n\n\n<figure class=\"wp-block-image\"><img data-attachment-id=\"5694\" data-permalink=\"https:\/\/as-surques-escoeuilles.fr\/index.php\/2022\/05\/06\/asse-vainqueur-du-premier-concours-pef-district-cote-dopale-visite-de-clairefonfaine\/received_5156310468760308372326317664570659\/\" data-orig-file=\"https:\/\/i0.wp.com\/as-surques-escoeuilles.fr\/wp-content\/uploads\/2022\/05\/received_5156310468760308372326317664570659.jpeg?fit=2048%2C1066&amp;ssl=1\" data-orig-size=\"2048,1066\" data-comments-opened=\"1\" data-image-meta=\"{&quot;aperture&quot;:&quot;0&quot;,&quot;credit&quot;:&quot;&quot;,&quot;camera&quot;:&quot;&quot;,&quot;caption&quot;:&quot;&quot;,&quot;created_timestamp&quot;:&quot;0&quot;,&quot;copyright&quot;:&quot;&quot;,&quot;focal_length&quot;:&quot;0&quot;,&quot;iso&quot;:&quot;0&quot;,&quot;shutter_speed&quot;:&quot;0&quot;,&quot;title&quot;:&quot;&quot;,&quot;orientation&quot;:&quot;0&quot;}\" data-image-title=\"received_5156310468760308372326317664570659\" data-image-description=\"\" data-image-caption=\"\" data-medium-file=\"https:\/\/i0.wp.com\/as-surques-escoeuilles.fr\/wp-content\/uploads\/2022\/05\/received_5156310468760308372326317664570659.jpeg?fit=300%2C156&amp;ssl=1\" data-large-file=\"https:\/\/i0.wp.com\/as-surques-escoeuilles.fr\/wp-content\/uploads\/2022\/05\/received_5156310468760308372326317664570659.jpeg?fit=800%2C416&amp;ssl=1\" loading=\"lazy\" width=\"800\" height=\"416\" data-id=\"5694\"  src=\"https:\/\/i0.wp.com\/as-surques-escoeuilles.fr\/wp-content\/uploads\/2022\/05\/received_5156310468760308372326317664570659.jpeg?resize=800%2C416&#038;ssl=1\" alt=\"\" class=\"wp-image-5694\" srcset=\"https:\/\/i0.wp.com\/as-surques-escoeuilles.fr\/wp-content\/uploads\/2022\/05\/received_5156310468760308372326317664570659.jpeg?w=2048&amp;ssl=1 2048w, https:\/\/i0.wp.com\/as-surques-escoeuilles.fr\/wp-content\/uploads\/2022\/05\/received_5156310468760308372326317664570659.jpeg?resize=300%2C156&amp;ssl=1 300w, https:\/\/i0.wp.com\/as-surques-escoeuilles.fr\/wp-content\/uploads\/2022\/05\/received_5156310468760308372326317664570659.jpeg?resize=1024%2C533&amp;ssl=1 1024w, https:\/\/i0.wp.com\/as-surques-escoeuilles.fr\/wp-content\/uploads\/2022\/05\/received_5156310468760308372326317664570659.jpeg?resize=768%2C400&amp;ssl=1 768w, https:\/\/i0.wp.com\/as-surques-escoeuilles.fr\/wp-content\/uploads\/2022\/05\/received_5156310468760308372326317664570659.jpeg?resize=1536%2C800&amp;ssl=1 1536w, https:\/\/i0.wp.com\/as-surques-escoeuilles.fr\/wp-content\/uploads\/2022\/05\/received_5156310468760308372326317664570659.jpeg?resize=600%2C312&amp;ssl=1 600w, https:\/\/i0.wp.com\/as-surques-escoeuilles.fr\/wp-content\/uploads\/2022\/05\/received_5156310468760308372326317664570659.jpeg?w=1600&amp;ssl=1 1600w\" sizes=\"(max-width: 800px) 100vw, 800px\" data-recalc-dims=\"1\" \/><\/figure>\n<\/figure>\n","protected":false},"excerpt":{"rendered":"<p>Dimanche 1er\u00a0mai dernier, le District C\u00f4te d\u2019Opale \u00e9tait heureux d\u2019emmener \u00e0 CLAIREFONTAINE son 1er\u00a0laur\u00e9at du CONCOURS PEF organis\u00e9 pour la<\/p>\n","protected":false},"author":1,"featured_media":5695,"comment_status":"open","ping_status":"open","sticky":false,"template":"","format":"standard","meta":{"ngg_post_thumbnail":0,"jetpack_post_was_ever_published":false,"jetpack_publicize_message":"","jetpack_is_tweetstorm":false,"jetpack_publicize_feature_enabled":true,"jetpack_social_post_already_shared":true,"jetpack_social_options":{"image_generator_settings":{"template":"highway","enabled":false}}},"categories":[23,30,89,91],"tags":[],"jetpack_publicize_connections":[],"jetpack_featured_media_url":"https:\/\/i0.wp.com\/as-surques-escoeuilles.fr\/wp-content\/uploads\/2022\/05\/received_515631046876030-1.jpeg?fit=2048%2C1066&ssl=1","jetpack_sharing_enabled":true,"jetpack_shortlink":"https:\/\/wp.me\/p8dhOI-1tU","jetpack-related-posts":[{"id":5316,"url":"https:\/\/as-surques-escoeuilles.fr\/index.php\/2021\/09\/07\/retour-au-foot\/","url_meta":{"origin":5698,"position":0},"title":"Retour au foot !","date":"7 septembre 2021","format":false,"excerpt":"Dans le cadre de l'op\u00e9ration organis\u00e9e par la FFF #Retouraufoot, les s\u00e9ances sont ouvertes pour les enfants n\u00e9s entre 2011 et 2017, rendez-vous demain \u00e0 14h00 au stade. Pour l'\u00e9cole de foot (Mini-foot \u00e0 U9), s\u00e9ance sp\u00e9ciale PEF ce samedi \u00e0 10h30 au stade avec le concours des U14F !","rel":"","context":"Dans &quot;Communication club&quot;","img":{"alt_text":"","src":"https:\/\/i0.wp.com\/as-surques-escoeuilles.fr\/wp-content\/uploads\/2021\/09\/FFF2106_RDF_Joueurs_FB_Cover_851x315.jpg?fit=851%2C315&ssl=1&resize=350%2C200","width":350,"height":200},"classes":[]},{"id":5019,"url":"https:\/\/as-surques-escoeuilles.fr\/index.php\/2021\/03\/25\/pef-biathlon-technique-arbitrage\/","url_meta":{"origin":5698,"position":1},"title":"PEF : biathlon technique arbitrage","date":"25 mars 2021","format":false,"excerpt":"Dans le cadre de son BMF, Beno\u00eet a poursuivi son action arbitrage d\u00e9marr\u00e9 au mois de d\u00e9cembre avec les U13 et les U14 F\u00e9minines. Les joueurs\/ses avaient en effet pu r\u00e9vis\u00e9 les r\u00e8gles du foot \u00e0 8, et cette semaine marquait le retour sur le terrain pour un biathlon technique.\u2026","rel":"","context":"Dans &quot;Football F\u00e9minin&quot;","img":{"alt_text":"","src":"https:\/\/i0.wp.com\/as-surques-escoeuilles.fr\/wp-content\/uploads\/2019\/12\/pef-1__o51o9z7720021839539359248.jpg?fit=958%2C520&ssl=1&resize=350%2C200","width":350,"height":200},"classes":[]},{"id":3819,"url":"https:\/\/as-surques-escoeuilles.fr\/index.php\/2020\/01\/12\/nos-u11-au-tournoi-pef\/","url_meta":{"origin":5698,"position":2},"title":"Nos u11 au tournoi PEF","date":"12 janvier 2020","format":false,"excerpt":"Une partie de nos U11 ont particip\u00e9 au tournoi Programm\u00e9 Educatif F\u00e9d\u00e9ral du district avec Marie-Laure et Florian \u00e0 l'issue duquel ils terminent 11eme sur 18. Ils ont ainsi pu remettre vos dons lors de la collecte Restos du c\u0153ur effectu\u00e9 le 18 d\u00e9cembre. Cette journ\u00e9e a \u00e9t\u00e9 l'occasion pour\u2026","rel":"","context":"Dans &quot;Programme Educatif F\u00e9d\u00e9ral&quot;","img":{"alt_text":"","src":"https:\/\/i0.wp.com\/as-surques-escoeuilles.fr\/wp-content\/uploads\/2020\/01\/received_534352340507081680654792372807762.jpeg?fit=941%2C531&ssl=1&resize=350%2C200","width":350,"height":200},"classes":[]},{"id":2870,"url":"https:\/\/as-surques-escoeuilles.fr\/index.php\/2019\/09\/12\/pef-u15-et-u17-arbitrage-connaitre-les-lois-du-foot-a-11-et-les-regles\/","url_meta":{"origin":5698,"position":3},"title":"PEF : U15 et U17 &#8211; Arbitrage : conna\u00eetre les lois du foot \u00e0 11 et les r\u00e8gles","date":"12 septembre 2019","format":false,"excerpt":"Ce mercredi soir, notre arbitre Gauthier SAISON est intervenu pendant la s\u00e9ance d'entrainement des U15 et U17 pour rappeler les r\u00e8gles \u00e9l\u00e9mentaires du foot \u00e0 11, mais aussi et surtout exposer les points nouveaux. Merci \u00e0 Gauthier pour ces interventions, ainsi que pour son r\u00f4le d'arbitre au sein du club\u2026","rel":"","context":"Dans &quot;Programme Educatif F\u00e9d\u00e9ral&quot;","img":{"alt_text":"","src":"https:\/\/i0.wp.com\/as-surques-escoeuilles.fr\/wp-content\/uploads\/2019\/09\/IMG_20190912_091016.jpg?fit=1200%2C938&ssl=1&resize=350%2C200","width":350,"height":200},"classes":[]},{"id":4996,"url":"https:\/\/as-surques-escoeuilles.fr\/index.php\/2021\/02\/19\/pef-cassenaval-pour-nos-mini-foot-et-u6-u7\/","url_meta":{"origin":5698,"position":4},"title":"PEF : cASSEnaval pour nos mini-foot et U6-U7","date":"19 f\u00e9vrier 2021","format":false,"excerpt":"Retrouvez l'ensemble de nos contenus PEF sur la page Programme Educatif F\u00e9d\u00e9ral","rel":"","context":"Dans &quot;Communication club&quot;","img":{"alt_text":"","src":"https:\/\/i0.wp.com\/as-surques-escoeuilles.fr\/wp-content\/uploads\/2021\/02\/U6U7_cASSEnaval.png?fit=1200%2C848&ssl=1&resize=350%2C200","width":350,"height":200},"classes":[]},{"id":4889,"url":"https:\/\/as-surques-escoeuilles.fr\/index.php\/2020\/12\/21\/projet-associatif-collecte-solidaire\/","url_meta":{"origin":5698,"position":5},"title":"Projet \u00e9ducatif : collecte solidaire","date":"21 d\u00e9cembre 2020","format":false,"excerpt":"\u270aAction solidaire \u270a Ce n'est pas un hasard si la Solidarit\u00e9 est l'une des 4 valeurs affich\u00e9es dans le vestiaire. Dans le cadre du PEF, l'ASSE a organis\u00e9 une collecte de jouets, peluches, livres, v\u00eatements \u00e0 destination des enfants d\u00e9favoris\u00e9s lors de son arbre de No\u00ebl.\uf381 Une action pleinement suivie\u2026","rel":"","context":"Dans &quot;Communication club&quot;","img":{"alt_text":"","src":"https:\/\/i0.wp.com\/as-surques-escoeuilles.fr\/wp-content\/uploads\/2020\/12\/received_152933183248132-scaled.jpeg?fit=1200%2C900&ssl=1&resize=350%2C200","width":350,"height":200},"classes":[]}],"_links":{"self":[{"href":"https:\/\/as-surques-escoeuilles.fr\/index.php\/wp-json\/wp\/v2\/posts\/5698"}],"collection":[{"href":"https:\/\/as-surques-escoeuilles.fr\/index.php\/wp-json\/wp\/v2\/posts"}],"about":[{"href":"https:\/\/as-surques-escoeuilles.fr\/index.php\/wp-json\/wp\/v2\/types\/post"}],"author":[{"embeddable":true,"href":"https:\/\/as-surques-escoeuilles.fr\/index.php\/wp-json\/wp\/v2\/users\/1"}],"replies":[{"embeddable":true,"href":"https:\/\/as-surques-escoeuilles.fr\/index.php\/wp-json\/wp\/v2\/comments?post=5698"}],"version-history":[{"count":0,"href":"https:\/\/as-surques-escoeuilles.fr\/index.php\/wp-json\/wp\/v2\/posts\/5698\/revisions"}],"wp:featuredmedia":[{"embeddable":true,"href":"https:\/\/as-surques-escoeuilles.fr\/index.php\/wp-json\/wp\/v2\/media\/5695"}],"wp:attachment":[{"href":"https:\/\/as-surques-escoeuilles.fr\/index.php\/wp-json\/wp\/v2\/media?parent=5698"}],"wp:term":[{"taxonomy":"category","embeddable":true,"href":"https:\/\/as-surques-escoeuilles.fr\/index.php\/wp-json\/wp\/v2\/categories?post=5698"},{"taxonomy":"post_tag","embeddable":true,"href":"https:\/\/as-surques-escoeuilles.fr\/index.php\/wp-json\/wp\/v2\/tags?post=5698"}],"curies":[{"name":"wp","href":"https:\/\/api.w.org\/{rel}","templated":true}]}}