{"id":584,"date":"2017-09-09T06:22:49","date_gmt":"2017-09-09T04:22:49","guid":{"rendered":"http:\/\/as-surques-escoeuilles.fr\/?p=584"},"modified":"2017-09-08T18:25:10","modified_gmt":"2017-09-08T16:25:10","slug":"rentree-u11","status":"publish","type":"post","link":"https:\/\/as-surques-escoeuilles.fr\/index.php\/2017\/09\/09\/rentree-u11\/","title":{"rendered":"Rentr\u00e9e U11"},"content":{"rendered":"<p><img data-attachment-id=\"585\" data-permalink=\"https:\/\/as-surques-escoeuilles.fr\/index.php\/2017\/09\/09\/rentree-u11\/rentree-du-foot-u11-2017-611x378\/\" data-orig-file=\"https:\/\/i0.wp.com\/as-surques-escoeuilles.fr\/wp-content\/uploads\/2017\/09\/Rentr\u00e9e-du-foot-U11-2017-611x378.jpg?fit=611%2C378&amp;ssl=1\" data-orig-size=\"611,378\" data-comments-opened=\"1\" data-image-meta=\"{&quot;aperture&quot;:&quot;0&quot;,&quot;credit&quot;:&quot;&quot;,&quot;camera&quot;:&quot;&quot;,&quot;caption&quot;:&quot;&quot;,&quot;created_timestamp&quot;:&quot;0&quot;,&quot;copyright&quot;:&quot;&quot;,&quot;focal_length&quot;:&quot;0&quot;,&quot;iso&quot;:&quot;0&quot;,&quot;shutter_speed&quot;:&quot;0&quot;,&quot;title&quot;:&quot;&quot;,&quot;orientation&quot;:&quot;0&quot;}\" data-image-title=\"Rentr\u00e9e-du-foot-U11-2017-611&#215;378\" data-image-description=\"\" data-image-caption=\"\" data-medium-file=\"https:\/\/i0.wp.com\/as-surques-escoeuilles.fr\/wp-content\/uploads\/2017\/09\/Rentr\u00e9e-du-foot-U11-2017-611x378.jpg?fit=300%2C186&amp;ssl=1\" data-large-file=\"https:\/\/i0.wp.com\/as-surques-escoeuilles.fr\/wp-content\/uploads\/2017\/09\/Rentr\u00e9e-du-foot-U11-2017-611x378.jpg?fit=611%2C378&amp;ssl=1\" fetchpriority=\"high\" class=\"aligncenter size-medium wp-image-585\" src=\"https:\/\/i0.wp.com\/as-surques-escoeuilles.fr\/wp-content\/uploads\/2017\/09\/Rentr\u00e9e-du-foot-U11-2017-611x378-300x186.jpg?resize=300%2C186\" alt=\"\" width=\"300\" height=\"186\" srcset=\"https:\/\/i0.wp.com\/as-surques-escoeuilles.fr\/wp-content\/uploads\/2017\/09\/Rentr\u00e9e-du-foot-U11-2017-611x378.jpg?resize=300%2C186&amp;ssl=1 300w, https:\/\/i0.wp.com\/as-surques-escoeuilles.fr\/wp-content\/uploads\/2017\/09\/Rentr\u00e9e-du-foot-U11-2017-611x378.jpg?resize=611%2C378&amp;ssl=1 611w\" sizes=\"(max-width: 300px) 100vw, 300px\" data-recalc-dims=\"1\" \/><\/p>\n<p>La rentr\u00e9e du Foot U11 aura lieu&nbsp;<strong>Samedi 16 septembre 2017<\/strong>&nbsp;\u00e0 Landrethun Le Nord pour les deux \u00e9quipes U11 de l&rsquo;ASSE, de 13h30 \u00e0 17h00.<\/p>\n","protected":false},"excerpt":{"rendered":"<p>La rentr\u00e9e du Foot U11 aura lieu&nbsp;Samedi 16 septembre 2017&nbsp;\u00e0 Landrethun Le Nord pour les deux \u00e9quipes U11 de l&rsquo;ASSE,<\/p>\n","protected":false},"author":1,"featured_media":585,"comment_status":"open","ping_status":"open","sticky":false,"template":"","format":"standard","meta":{"ngg_post_thumbnail":0,"jetpack_post_was_ever_published":false,"jetpack_publicize_message":"","jetpack_is_tweetstorm":false,"jetpack_publicize_feature_enabled":true,"jetpack_social_post_already_shared":true,"jetpack_social_options":{"image_generator_settings":{"template":"highway","enabled":false}}},"categories":[1],"tags":[],"jetpack_publicize_connections":[],"jetpack_featured_media_url":"https:\/\/i0.wp.com\/as-surques-escoeuilles.fr\/wp-content\/uploads\/2017\/09\/Rentr\u00e9e-du-foot-U11-2017-611x378.jpg?fit=611%2C378&ssl=1","jetpack_sharing_enabled":true,"jetpack_shortlink":"https:\/\/wp.me\/p8dhOI-9q","jetpack-related-posts":[{"id":1781,"url":"https:\/\/as-surques-escoeuilles.fr\/index.php\/2018\/09\/16\/rentree-u11-2\/","url_meta":{"origin":584,"position":0},"title":"Rentr\u00e9e U11","date":"16 septembre 2018","format":false,"excerpt":"Les U11 se sont retrouv\u00e9s une premi\u00e8re fois en comp\u00e9tition lors de la rentr\u00e9e du foot du district. Avec plus de 30 joueurs cette ann\u00e9e, cette cat\u00e9gorie verra \u00e9voluer deux \u00e9quipes en championnat U11 et une \u00e9quipe en crit\u00e9rium f\u00e9minin.\u00a0","rel":"","context":"Dans &quot;Non class\u00e9&quot;","img":{"alt_text":"","src":"https:\/\/i0.wp.com\/as-surques-escoeuilles.fr\/wp-content\/uploads\/2018\/09\/received_2146130402302900.jpeg?fit=1200%2C675&ssl=1&resize=350%2C200","width":350,"height":200},"classes":[]},{"id":609,"url":"https:\/\/as-surques-escoeuilles.fr\/index.php\/2017\/09\/16\/rentree-du-foot-u11-annulee\/","url_meta":{"origin":584,"position":1},"title":"Rentr\u00e9e du foot U11 annul\u00e9e !","date":"16 septembre 2017","format":false,"excerpt":"AUCUNE REMISE SAUF\u2026 Le District C\u00f4te d\u2019Opale a pris la d\u00e9cision de maintenir tous les matchs organis\u00e9s par celui-ci les 16 et 17 septembre 2017 sauf les Arr\u00eat\u00e9s Municipaux ci-dessous. Attention\u00a0RENTREE DU FOOT U11 : Annulation du site de Landrethun le Nord en raison d\u2019un arr\u00eat\u00e9 Municipal (le rassemblement ne\u2026","rel":"","context":"Dans &quot;Non class\u00e9&quot;","img":{"alt_text":"","src":"https:\/\/i0.wp.com\/as-surques-escoeuilles.fr\/wp-content\/uploads\/2017\/01\/annul\u00e9.png?fit=453%2C344&ssl=1&resize=350%2C200","width":350,"height":200},"classes":[]},{"id":5166,"url":"https:\/\/as-surques-escoeuilles.fr\/index.php\/2021\/06\/22\/tournoi-georges-louvet-u11-samedi-26-juin\/","url_meta":{"origin":584,"position":2},"title":"Tournoi Georges Louvet U11 &#8211; samedi 26 juin","date":"22 juin 2021","format":false,"excerpt":"Ce samedi aura lieu le tournoi Georges Louvet U11 :","rel":"","context":"Dans &quot;Communication club&quot;","img":{"alt_text":"","src":"https:\/\/i0.wp.com\/as-surques-escoeuilles.fr\/wp-content\/uploads\/2021\/06\/img_20210622_1744474201942292548129535.jpg?resize=350%2C200&ssl=1","width":350,"height":200},"classes":[]},{"id":4078,"url":"https:\/\/as-surques-escoeuilles.fr\/index.php\/2020\/02\/28\/tournoi-en-salle-pour-les-u11\/","url_meta":{"origin":584,"position":3},"title":"Tournoi en salle pour les U11","date":"28 f\u00e9vrier 2020","format":false,"excerpt":"Ce mercredi 26 f\u00e9vrier, une \u00e9quipe u11 est all\u00e9e passer la journ\u00e9e en tournoi en salle \u00e0 Desvres. L'occasion pour les enfants de parfaire leur technique sur cette surface dont ils sont encore que trop peu habitu\u00e9s ! Merci aux parents accompagnateurs et bravo aux enfants !","rel":"","context":"Dans &quot;U11&quot;","img":{"alt_text":"","src":"https:\/\/i0.wp.com\/as-surques-escoeuilles.fr\/wp-content\/uploads\/2020\/02\/IMG_7380.jpg?fit=1080%2C810&ssl=1&resize=350%2C200","width":350,"height":200},"classes":[]},{"id":5200,"url":"https:\/\/as-surques-escoeuilles.fr\/index.php\/2021\/06\/27\/tournoi-georges-louvet-u11-le-rire-avant-les-larmes\/","url_meta":{"origin":584,"position":4},"title":"Tournoi Georges Louvet U11 : le rire avant les larmes","date":"27 juin 2021","format":false,"excerpt":"","rel":"","context":"Dans &quot;Communication club&quot;","img":{"alt_text":"","src":"https:\/\/i0.wp.com\/as-surques-escoeuilles.fr\/wp-content\/uploads\/2021\/06\/received_180570937362858.jpeg?fit=1200%2C900&ssl=1&resize=350%2C200","width":350,"height":200},"classes":[]},{"id":1802,"url":"https:\/\/as-surques-escoeuilles.fr\/index.php\/2018\/09\/22\/calendrier-u11\/","url_meta":{"origin":584,"position":5},"title":"Calendrier U11","date":"22 septembre 2018","format":false,"excerpt":"Veuillez trouver ci-joint le calendrier U11 pour ce d\u00e9but de saison (sous r\u00e9serve de modification du district ou de match remis). A ce calendrier s'ajoutera celui des f\u00e9minines. Prenez note. _ _ _ _ _ _ _ _ _ _ _ _ _ _ _ _ _ _ _ _\u2026","rel":"","context":"Dans &quot;Non class\u00e9&quot;","img":{"alt_text":"","src":"https:\/\/i0.wp.com\/as-surques-escoeuilles.fr\/wp-content\/uploads\/2018\/09\/U11-ASSE1.png?resize=350%2C200&ssl=1","width":350,"height":200},"classes":[]}],"_links":{"self":[{"href":"https:\/\/as-surques-escoeuilles.fr\/index.php\/wp-json\/wp\/v2\/posts\/584"}],"collection":[{"href":"https:\/\/as-surques-escoeuilles.fr\/index.php\/wp-json\/wp\/v2\/posts"}],"about":[{"href":"https:\/\/as-surques-escoeuilles.fr\/index.php\/wp-json\/wp\/v2\/types\/post"}],"author":[{"embeddable":true,"href":"https:\/\/as-surques-escoeuilles.fr\/index.php\/wp-json\/wp\/v2\/users\/1"}],"replies":[{"embeddable":true,"href":"https:\/\/as-surques-escoeuilles.fr\/index.php\/wp-json\/wp\/v2\/comments?post=584"}],"version-history":[{"count":0,"href":"https:\/\/as-surques-escoeuilles.fr\/index.php\/wp-json\/wp\/v2\/posts\/584\/revisions"}],"wp:featuredmedia":[{"embeddable":true,"href":"https:\/\/as-surques-escoeuilles.fr\/index.php\/wp-json\/wp\/v2\/media\/585"}],"wp:attachment":[{"href":"https:\/\/as-surques-escoeuilles.fr\/index.php\/wp-json\/wp\/v2\/media?parent=584"}],"wp:term":[{"taxonomy":"category","embeddable":true,"href":"https:\/\/as-surques-escoeuilles.fr\/index.php\/wp-json\/wp\/v2\/categories?post=584"},{"taxonomy":"post_tag","embeddable":true,"href":"https:\/\/as-surques-escoeuilles.fr\/index.php\/wp-json\/wp\/v2\/tags?post=584"}],"curies":[{"name":"wp","href":"https:\/\/api.w.org\/{rel}","templated":true}]}}