{"id":853,"date":"2018-01-13T17:20:23","date_gmt":"2018-01-13T16:20:23","guid":{"rendered":"http:\/\/as-surques-escoeuilles.fr\/?p=853"},"modified":"2018-01-13T19:02:05","modified_gmt":"2018-01-13T18:02:05","slug":"feminines-victoire-a-lusbco-0-4","status":"publish","type":"post","link":"https:\/\/as-surques-escoeuilles.fr\/index.php\/2018\/01\/13\/feminines-victoire-a-lusbco-0-4\/","title":{"rendered":"F\u00e9minines : victoire \u00e0 l&rsquo;USBCO (0-4)!"},"content":{"rendered":"<p dir=\"ltr\">Apr\u00e8s une premi\u00e8re rencontre difficile contre St omer(d\u00e9faite 8-2),nos filles u11 se rendaient \u00e0 Boulogne pour y affronter Usbco 2.<br \/>\nPar un froid vif ,nos filles prenaient le match \u00e0 leur compte et dominaient les 10&nbsp; premi\u00e8res minutes du match sans toutefois se montrer dangereuse.<br \/>\nApr\u00e8s quelques frayeurs sur des contre boulonnais&nbsp; nos filles transper\u00e7aient la d\u00e9fense adverse&nbsp; par&nbsp; 2 fois et tenaient le r\u00e9sultat en se battant sur tous les ballons : mi temps 2 -0 pour les oranges et noir.<\/p>\n<p dir=\"ltr\">Au retour des vestiaires les boulonnaises revenaient avec plus d&rsquo;organisation et de volont\u00e9 mais butaient toujours sur une d\u00e9fense sans faille et une volont\u00e9 de fer de nos oranges. En se battant les unes pour les autres les filles reprenaient l&rsquo;ascendant sur le <a href=\"http:\/\/match.au\">match<\/a>&nbsp;au&nbsp;profit&nbsp; d actions bien men\u00e9es et de belles passes&nbsp; elles&nbsp; ajoutaient 2 nouveaux <a href=\"http:\/\/buts.sans\">buts. Sans<\/a>&nbsp;rempla\u00e7ante et en&nbsp; se jetant sur tous les ballons pour ne pas prendre de but les filles terminaient ce match \u00e9puis\u00e9e mais tellement contentes.&nbsp;<br \/>\nBravo \u00e0 elles , aux coachs.<br \/>\nEt merci aux supporters .<\/p>\n<p dir=\"ltr\">Prochain match samedi prochain contre Calais \u00e0 domicile dans la salle de Licques.<\/p>\n<p dir=\"ltr\">&nbsp;<\/p>\n<p dir=\"ltr\"><a href=\"https:\/\/i0.wp.com\/as-surques-escoeuilles.fr\/wp-content\/uploads\/2018\/01\/20180113_144839.jpeg\"><img data-attachment-id=\"854\" data-permalink=\"https:\/\/as-surques-escoeuilles.fr\/index.php\/2018\/01\/13\/feminines-victoire-a-lusbco-0-4\/20180113_144839\/\" data-orig-file=\"https:\/\/i0.wp.com\/as-surques-escoeuilles.fr\/wp-content\/uploads\/2018\/01\/20180113_144839.jpeg?fit=720%2C1280&amp;ssl=1\" data-orig-size=\"720,1280\" data-comments-opened=\"1\" data-image-meta=\"{&quot;aperture&quot;:&quot;0&quot;,&quot;credit&quot;:&quot;&quot;,&quot;camera&quot;:&quot;&quot;,&quot;caption&quot;:&quot;&quot;,&quot;created_timestamp&quot;:&quot;0&quot;,&quot;copyright&quot;:&quot;&quot;,&quot;focal_length&quot;:&quot;0&quot;,&quot;iso&quot;:&quot;0&quot;,&quot;shutter_speed&quot;:&quot;0&quot;,&quot;title&quot;:&quot;&quot;,&quot;orientation&quot;:&quot;0&quot;}\" data-image-title=\"20180113_144839\" data-image-description=\"\" data-image-caption=\"\" data-medium-file=\"https:\/\/i0.wp.com\/as-surques-escoeuilles.fr\/wp-content\/uploads\/2018\/01\/20180113_144839.jpeg?fit=169%2C300&amp;ssl=1\" data-large-file=\"https:\/\/i0.wp.com\/as-surques-escoeuilles.fr\/wp-content\/uploads\/2018\/01\/20180113_144839.jpeg?fit=576%2C1024&amp;ssl=1\" fetchpriority=\"high\" class=\"aligncenter size-medium wp-image-854\" src=\"https:\/\/i0.wp.com\/as-surques-escoeuilles.fr\/wp-content\/uploads\/2018\/01\/20180113_144839-169x300.jpeg?resize=169%2C300\" alt=\"\" width=\"169\" height=\"300\" srcset=\"https:\/\/i0.wp.com\/as-surques-escoeuilles.fr\/wp-content\/uploads\/2018\/01\/20180113_144839.jpeg?resize=169%2C300&amp;ssl=1 169w, https:\/\/i0.wp.com\/as-surques-escoeuilles.fr\/wp-content\/uploads\/2018\/01\/20180113_144839.jpeg?resize=576%2C1024&amp;ssl=1 576w, https:\/\/i0.wp.com\/as-surques-escoeuilles.fr\/wp-content\/uploads\/2018\/01\/20180113_144839.jpeg?w=720&amp;ssl=1 720w\" sizes=\"(max-width: 169px) 100vw, 169px\" data-recalc-dims=\"1\" \/><\/a><\/p>\n<p dir=\"ltr\"><a href=\"https:\/\/i0.wp.com\/as-surques-escoeuilles.fr\/wp-content\/uploads\/2018\/01\/20180113_150839.jpeg\"><img data-attachment-id=\"855\" data-permalink=\"https:\/\/as-surques-escoeuilles.fr\/index.php\/2018\/01\/13\/feminines-victoire-a-lusbco-0-4\/20180113_150839\/\" data-orig-file=\"https:\/\/i0.wp.com\/as-surques-escoeuilles.fr\/wp-content\/uploads\/2018\/01\/20180113_150839.jpeg?fit=720%2C1280&amp;ssl=1\" data-orig-size=\"720,1280\" data-comments-opened=\"1\" data-image-meta=\"{&quot;aperture&quot;:&quot;0&quot;,&quot;credit&quot;:&quot;&quot;,&quot;camera&quot;:&quot;&quot;,&quot;caption&quot;:&quot;&quot;,&quot;created_timestamp&quot;:&quot;0&quot;,&quot;copyright&quot;:&quot;&quot;,&quot;focal_length&quot;:&quot;0&quot;,&quot;iso&quot;:&quot;0&quot;,&quot;shutter_speed&quot;:&quot;0&quot;,&quot;title&quot;:&quot;&quot;,&quot;orientation&quot;:&quot;0&quot;}\" data-image-title=\"20180113_150839\" data-image-description=\"\" data-image-caption=\"\" data-medium-file=\"https:\/\/i0.wp.com\/as-surques-escoeuilles.fr\/wp-content\/uploads\/2018\/01\/20180113_150839.jpeg?fit=169%2C300&amp;ssl=1\" data-large-file=\"https:\/\/i0.wp.com\/as-surques-escoeuilles.fr\/wp-content\/uploads\/2018\/01\/20180113_150839.jpeg?fit=576%2C1024&amp;ssl=1\" class=\"aligncenter size-medium wp-image-855\" src=\"https:\/\/i0.wp.com\/as-surques-escoeuilles.fr\/wp-content\/uploads\/2018\/01\/20180113_150839-169x300.jpeg?resize=169%2C300\" alt=\"\" width=\"169\" height=\"300\" srcset=\"https:\/\/i0.wp.com\/as-surques-escoeuilles.fr\/wp-content\/uploads\/2018\/01\/20180113_150839.jpeg?resize=169%2C300&amp;ssl=1 169w, https:\/\/i0.wp.com\/as-surques-escoeuilles.fr\/wp-content\/uploads\/2018\/01\/20180113_150839.jpeg?resize=576%2C1024&amp;ssl=1 576w, https:\/\/i0.wp.com\/as-surques-escoeuilles.fr\/wp-content\/uploads\/2018\/01\/20180113_150839.jpeg?w=720&amp;ssl=1 720w\" sizes=\"(max-width: 169px) 100vw, 169px\" data-recalc-dims=\"1\" \/><\/a><\/p>\n","protected":false},"excerpt":{"rendered":"<p>Apr\u00e8s une premi\u00e8re rencontre difficile contre St omer(d\u00e9faite 8-2),nos filles u11 se rendaient \u00e0 Boulogne pour y affronter Usbco 2.<\/p>\n","protected":false},"author":1,"featured_media":860,"comment_status":"open","ping_status":"open","sticky":false,"template":"","format":"standard","meta":{"ngg_post_thumbnail":0,"jetpack_post_was_ever_published":false,"jetpack_publicize_message":"","jetpack_is_tweetstorm":false,"jetpack_publicize_feature_enabled":true,"jetpack_social_post_already_shared":true,"jetpack_social_options":{"image_generator_settings":{"template":"highway","enabled":false}}},"categories":[1],"tags":[],"jetpack_publicize_connections":[],"jetpack_featured_media_url":"https:\/\/i0.wp.com\/as-surques-escoeuilles.fr\/wp-content\/uploads\/2018\/01\/IMG_20180113_190134.jpg?fit=720%2C409&ssl=1","jetpack_sharing_enabled":true,"jetpack_shortlink":"https:\/\/wp.me\/p8dhOI-dL","jetpack-related-posts":[{"id":3198,"url":"https:\/\/as-surques-escoeuilles.fr\/index.php\/2019\/11\/11\/matches-amicaux\/","url_meta":{"origin":853,"position":0},"title":"Matches amicaux","date":"11 novembre 2019","format":false,"excerpt":"En ce week-end de remise g\u00e9n\u00e9rale, plusieurs de nos \u00e9quipes ont tout de m\u00eame pu profiter d'affrontements sur des terrains synth\u00e9tiques pour tenter de conserver le rythme de comp\u00e9tition. R\u00e9sum\u00e9s : Samedi 09 novembre 15h00 : les U13 f\u00e9minines se sont rendues \u00e0 Hesdin. Les filles ont \u00e9volu\u00e9 \u00e0 5\u2026","rel":"","context":"Dans &quot;Non class\u00e9&quot;","img":{"alt_text":"","src":"https:\/\/i0.wp.com\/as-surques-escoeuilles.fr\/wp-content\/uploads\/2019\/11\/IMG_20191109_194207.jpg?fit=1200%2C758&ssl=1&resize=350%2C200","width":350,"height":200},"classes":[]},{"id":2998,"url":"https:\/\/as-surques-escoeuilles.fr\/index.php\/2019\/09\/22\/une-equipe-fanion-en-maitrise\/","url_meta":{"origin":853,"position":1},"title":"Une \u00e9quipe fanion en ma\u00eetrise","date":"22 septembre 2019","format":false,"excerpt":"Rest\u00e9s sur une qualification terne face \u00e0 Ostrhovhe la semaine pass\u00e9e, les Orange se d\u00e9placent sur la pelouse de Campagne avec la ferme intention de produire un autre spectacle. Mission accomplie gr\u00e2ce \u00e0 un match ma\u00eetris\u00e9 de bout en bout ponctu\u00e9 par trois buts joliment amen\u00e9s. Il faut une minute\u2026","rel":"","context":"Dans &quot;S\u00e9niors A&quot;","img":{"alt_text":"","src":"https:\/\/i0.wp.com\/as-surques-escoeuilles.fr\/wp-content\/uploads\/2019\/09\/IMG_20190922_195100.jpg?fit=1200%2C783&ssl=1&resize=350%2C200","width":350,"height":200},"classes":[]},{"id":4720,"url":"https:\/\/as-surques-escoeuilles.fr\/index.php\/2020\/09\/19\/jeunes-resultats-du-19-septembre\/","url_meta":{"origin":853,"position":2},"title":"Jeunes : r\u00e9sultats du 19 septembre","date":"19 septembre 2020","format":false,"excerpt":"Sans faute pour nos U11 : \u00e0 domicile, un groupe bat Renescure 4-1. L'\u00e9quipe en d\u00e9placement bat Eperlecques 4-3 en revenant trois fois au score ! Deux \u00e9quipes U13 sur les trois jouaient : l'\u00e9quipe 1 niveau 3 s'est rendu \u00e0 Saint Martin au Laert et l'emporte 9-0. L'equipe 2\u2026","rel":"","context":"Dans &quot;Non class\u00e9&quot;","img":{"alt_text":"","src":"https:\/\/i0.wp.com\/as-surques-escoeuilles.fr\/wp-content\/uploads\/2020\/09\/received_6555348053726515768443193913779205-scaled.jpeg?resize=350%2C200&ssl=1","width":350,"height":200},"classes":[]},{"id":1471,"url":"https:\/\/as-surques-escoeuilles.fr\/index.php\/2018\/06\/19\/finales-de-coupe-un-beau-dimanche\/","url_meta":{"origin":853,"position":3},"title":"Finales de coupe : un beau dimanche","date":"19 juin 2018","format":false,"excerpt":"Ce dimanche 17 juin, l'ASSE recevait deux finales de coupe de District. Le club remercie d'ailleurs le district C\u00f4te d'Opale pour la confiance accord\u00e9e \u00e0 la r\u00e9alisation de ces \u00e9v\u00e9nements. A 14h00, ce sont les f\u00e9minines qui ont ouvert le bal avec la finale du challenge f\u00e9minin entre l'AS WIMEREUX\u2026","rel":"","context":"Dans &quot;Non class\u00e9&quot;","img":{"alt_text":"","src":"https:\/\/i0.wp.com\/as-surques-escoeuilles.fr\/wp-content\/uploads\/2018\/06\/IMG_20180617_140426.jpg?fit=800%2C450&ssl=1&resize=350%2C200","width":350,"height":200},"classes":[]},{"id":4693,"url":"https:\/\/as-surques-escoeuilles.fr\/index.php\/2020\/09\/05\/blaringhem-u13-8-2\/","url_meta":{"origin":853,"position":4},"title":"Blaringhem &#8211; U13 : 8-2","date":"5 septembre 2020","format":false,"excerpt":"L'analyse de Thierry, \u00e9ducateur : '' Le score ne refl\u00e8te pas le match. On a fait 3 mi-temps de 20 min. 2-1 en 1\u00e8re, 5-2 2\u00e8me, 8-2 score final. Nos gardiens du jour ont fait ce qu'ils ou elles ont pu. Dans le jeu 1ere mi temps avec les gar\u00e7ons\u2026","rel":"","context":"Dans &quot;Non class\u00e9&quot;","img":{"alt_text":"","src":"https:\/\/i0.wp.com\/as-surques-escoeuilles.fr\/wp-content\/uploads\/2020\/09\/Resized_20200905_112942.jpeg?fit=960%2C720&ssl=1&resize=350%2C200","width":350,"height":200},"classes":[]},{"id":3320,"url":"https:\/\/as-surques-escoeuilles.fr\/index.php\/2019\/12\/16\/challenge-futsal-feminin-1ere-journee\/","url_meta":{"origin":853,"position":5},"title":"Challenge Futsal F\u00e9minin :1ere journ\u00e9e","date":"16 d\u00e9cembre 2019","format":false,"excerpt":"Ce dimanche 15 d\u00e9cembre voyait une premi\u00e8re \u00e9quipe Orange et Noire ouvrir le challenge Futsal F\u00e9minin \u00e0 Dennebroeucq face \u00e0 Recques sur Hem. Le match d\u00e9butait parfaitement sur les chapeaux de roue pour l'ASSE qui prenait deux buts d'avance par Guilbert et Dupeux. Malheureusement, nos Orange ont litt\u00e9ralement vid\u00e9 leurs\u2026","rel":"","context":"Dans &quot;F\u00e9minines&quot;","img":{"alt_text":"","src":"https:\/\/i0.wp.com\/as-surques-escoeuilles.fr\/wp-content\/uploads\/2019\/12\/received_487372705233647.jpeg?fit=1200%2C568&ssl=1&resize=350%2C200","width":350,"height":200},"classes":[]}],"_links":{"self":[{"href":"https:\/\/as-surques-escoeuilles.fr\/index.php\/wp-json\/wp\/v2\/posts\/853"}],"collection":[{"href":"https:\/\/as-surques-escoeuilles.fr\/index.php\/wp-json\/wp\/v2\/posts"}],"about":[{"href":"https:\/\/as-surques-escoeuilles.fr\/index.php\/wp-json\/wp\/v2\/types\/post"}],"author":[{"embeddable":true,"href":"https:\/\/as-surques-escoeuilles.fr\/index.php\/wp-json\/wp\/v2\/users\/1"}],"replies":[{"embeddable":true,"href":"https:\/\/as-surques-escoeuilles.fr\/index.php\/wp-json\/wp\/v2\/comments?post=853"}],"version-history":[{"count":0,"href":"https:\/\/as-surques-escoeuilles.fr\/index.php\/wp-json\/wp\/v2\/posts\/853\/revisions"}],"wp:featuredmedia":[{"embeddable":true,"href":"https:\/\/as-surques-escoeuilles.fr\/index.php\/wp-json\/wp\/v2\/media\/860"}],"wp:attachment":[{"href":"https:\/\/as-surques-escoeuilles.fr\/index.php\/wp-json\/wp\/v2\/media?parent=853"}],"wp:term":[{"taxonomy":"category","embeddable":true,"href":"https:\/\/as-surques-escoeuilles.fr\/index.php\/wp-json\/wp\/v2\/categories?post=853"},{"taxonomy":"post_tag","embeddable":true,"href":"https:\/\/as-surques-escoeuilles.fr\/index.php\/wp-json\/wp\/v2\/tags?post=853"}],"curies":[{"name":"wp","href":"https:\/\/api.w.org\/{rel}","templated":true}]}}